{"id":10423,"date":"2020-11-01T18:59:16","date_gmt":"2020-11-01T18:59:16","guid":{"rendered":"https:\/\/oparanews.com.br\/?p=10423"},"modified":"2020-11-01T18:59:16","modified_gmt":"2020-11-01T18:59:16","slug":"ronaldo-lopes-faz-a-maior-caminhada-da-historia-de-penedo","status":"publish","type":"post","link":"https:\/\/www.oparanews.com.br\/index.php\/2020\/11\/01\/ronaldo-lopes-faz-a-maior-caminhada-da-historia-de-penedo\/","title":{"rendered":"Ronaldo Lopes faz a maior caminhada da hist\u00f3ria de Penedo"},"content":{"rendered":"<p>A noite de 30 de outubro de 2020 entra para a hist\u00f3ria de Penedo. O motivo \u00e9 a maior caminhada realizada em campanha pol\u00edtica na cidade, demonstra\u00e7\u00e3o incontest\u00e1vel do apoio popular para Ronaldo Lopes e Jo\u00e3o Lucas.<\/p>\n<p>Do ponto de concentra\u00e7\u00e3o, no Largo de F\u00e1tima, at\u00e9 o local do com\u00edcio, no Barro Vermelho, milhares de pessoas acompanharam os candidatos a prefeito e vereador capazes de fazer Penedo cada vez melhor.<\/p>\n<p>Da parte alta da cidade at\u00e9 a Pra\u00e7a da Alegria, a Rota do Avan\u00e7o ganha em ades\u00e3o espont\u00e2nea, cresce e realiza os maiores eventos de car\u00e1ter pol\u00edtico de Penedo, comprovando que representa a vontade da imensa maioria da popula\u00e7\u00e3o.<\/p>\n<p>Penedo \u00e9 15<\/p>\n<p>\u201cN\u00f3s estamos vendo uma demonstra\u00e7\u00e3o que o povo de Penedo j\u00e1 decidiu e diz n\u00e3o para administra\u00e7\u00f5es incompetentes\u201d, afirmou Ronaldo Lopes no bairro que ganhou ruas pavimentadas, nova escola Douglas Apratto, pra\u00e7as recuperadas, Marina p\u00fablica e orla urbanizada gra\u00e7as aos projetos coordenados por ele, o mais preparado gestor para Penedo.<\/p>\n<p>Reconhecimento<\/p>\n<p>\u201cN\u00e3o existe nada mais gratificante do que o reconhecimento e eu n\u00e3o tenho de nossa vit\u00f3ria, e quando falo nossa vit\u00f3ria n\u00e3o \u00e9 a de Ronaldo e Jo\u00e3o Lucas, \u00e9 do povo de Penedo\u201d, declarou Jo\u00e3o Lucas, companheiro de chapa do MDB diante da comunidade onde cresceu e tem projeto pronto para a promo\u00e7\u00e3o de lazer na nova orla ribeirinha do primeiro bairro de Penedo.<\/p>\n<p>Maur\u00edcio Quintella tamb\u00e9m prestigiou a caminhada vitoriosa e destacou a biografia de Ronaldo Lopes, candidato ficha limpa e qualificado para governar Penedo. \u201cRonaldo \u00e9 um homem s\u00e9rio, correto e preparado para governar essa cidade hist\u00f3rica e t\u00e3o importante para os penedenses, para Alagoas e o Brasil\u201d.<\/p>\n<p>&nbsp;<\/p>\n<p><strong>Fonte: Assessoria<\/strong><\/p>\n<p>&nbsp;<\/p>\n","protected":false},"excerpt":{"rendered":"<p>A noite de 30 de outubro de 2020 entra para a hist\u00f3ria de Penedo. O motivo \u00e9 a maior caminhada realizada em campanha pol\u00edtica na cidade, demonstra\u00e7\u00e3o incontest\u00e1vel do apoio popular para Ronaldo Lopes e Jo\u00e3o Lucas. Do ponto de concentra\u00e7\u00e3o, no Largo de F\u00e1tima, at\u00e9 o local do com\u00edcio, no Barro Vermelho, milhares de &hellip;<\/p>\n","protected":false},"author":1,"featured_media":10424,"comment_status":"open","ping_status":"open","sticky":false,"template":"","format":"standard","meta":{"_jetpack_newsletter_access":"","_jetpack_dont_email_post_to_subs":false,"_jetpack_newsletter_tier_id":0,"_jetpack_memberships_contains_paywalled_content":false,"_jetpack_memberships_contains_paid_content":false,"footnotes":""},"categories":[1],"tags":[],"class_list":["post-10423","post","type-post","status-publish","format-standard","has-post-thumbnail","hentry","category-destaque"],"jetpack_sharing_enabled":true,"jetpack_featured_media_url":"","_links":{"self":[{"href":"https:\/\/www.oparanews.com.br\/index.php\/wp-json\/wp\/v2\/posts\/10423","targetHints":{"allow":["GET"]}}],"collection":[{"href":"https:\/\/www.oparanews.com.br\/index.php\/wp-json\/wp\/v2\/posts"}],"about":[{"href":"https:\/\/www.oparanews.com.br\/index.php\/wp-json\/wp\/v2\/types\/post"}],"author":[{"embeddable":true,"href":"https:\/\/www.oparanews.com.br\/index.php\/wp-json\/wp\/v2\/users\/1"}],"replies":[{"embeddable":true,"href":"https:\/\/www.oparanews.com.br\/index.php\/wp-json\/wp\/v2\/comments?post=10423"}],"version-history":[{"count":0,"href":"https:\/\/www.oparanews.com.br\/index.php\/wp-json\/wp\/v2\/posts\/10423\/revisions"}],"wp:attachment":[{"href":"https:\/\/www.oparanews.com.br\/index.php\/wp-json\/wp\/v2\/media?parent=10423"}],"wp:term":[{"taxonomy":"category","embeddable":true,"href":"https:\/\/www.oparanews.com.br\/index.php\/wp-json\/wp\/v2\/categories?post=10423"},{"taxonomy":"post_tag","embeddable":true,"href":"https:\/\/www.oparanews.com.br\/index.php\/wp-json\/wp\/v2\/tags?post=10423"}],"curies":[{"name":"wp","href":"https:\/\/api.w.org\/{rel}","templated":true}]}}