{"id":10434,"date":"2020-11-02T01:34:51","date_gmt":"2020-11-02T01:34:51","guid":{"rendered":"https:\/\/oparanews.com.br\/?p=10434"},"modified":"2020-11-02T01:34:51","modified_gmt":"2020-11-02T01:34:51","slug":"mulher-e-presa-apos-furtar-calcinhas-de-loja-em-shopping-de-maceio","status":"publish","type":"post","link":"https:\/\/www.oparanews.com.br\/index.php\/2020\/11\/02\/mulher-e-presa-apos-furtar-calcinhas-de-loja-em-shopping-de-maceio\/","title":{"rendered":"Mulher \u00e9 presa ap\u00f3s furtar calcinhas de loja em shopping de Macei\u00f3"},"content":{"rendered":"<p>Uma mulher, de 53 anos, foi presa na tarde desse s\u00e1bado (31), ap\u00f3s furtar roupas de uma loja de departamento, localizada em um shopping no bairro de Mangabeiras, em Macei\u00f3. As informa\u00e7\u00f5es constam no relat\u00f3rio do Centro Integrado de Opera\u00e7\u00f5es da Secretaria de Seguran\u00e7a P\u00fablica.<\/p>\n<p>Segundo as informa\u00e7\u00f5es, militares do 1\u00ba Batalh\u00e3o fizeram a pris\u00e3o depois que a mulher foi detida por seguran\u00e7as do shopping. Ela havia furtado seis calcinhas, tr\u00eas blusas e uma cinta modeladora. A suspeita foi conduzida para a Central de Flagrantes, onde foi autuada por furto qualificado.<\/p>\n<p>&nbsp;<\/p>\n<p><strong>Fonte: TNH1<\/strong><\/p>\n<p>&nbsp;<\/p>\n","protected":false},"excerpt":{"rendered":"<p>Uma mulher, de 53 anos, foi presa na tarde desse s\u00e1bado (31), ap\u00f3s furtar roupas de uma loja de departamento, localizada em um shopping no bairro de Mangabeiras, em Macei\u00f3. As informa\u00e7\u00f5es constam no relat\u00f3rio do Centro Integrado de Opera\u00e7\u00f5es da Secretaria de Seguran\u00e7a P\u00fablica. Segundo as informa\u00e7\u00f5es, militares do 1\u00ba Batalh\u00e3o fizeram a pris\u00e3o &hellip;<\/p>\n","protected":false},"author":1,"featured_media":10435,"comment_status":"open","ping_status":"open","sticky":false,"template":"","format":"standard","meta":{"_jetpack_newsletter_access":"","_jetpack_dont_email_post_to_subs":false,"_jetpack_newsletter_tier_id":0,"_jetpack_memberships_contains_paywalled_content":false,"_jetpack_memberships_contains_paid_content":false,"footnotes":""},"categories":[1],"tags":[],"class_list":["post-10434","post","type-post","status-publish","format-standard","has-post-thumbnail","hentry","category-destaque"],"jetpack_sharing_enabled":true,"jetpack_featured_media_url":"","_links":{"self":[{"href":"https:\/\/www.oparanews.com.br\/index.php\/wp-json\/wp\/v2\/posts\/10434","targetHints":{"allow":["GET"]}}],"collection":[{"href":"https:\/\/www.oparanews.com.br\/index.php\/wp-json\/wp\/v2\/posts"}],"about":[{"href":"https:\/\/www.oparanews.com.br\/index.php\/wp-json\/wp\/v2\/types\/post"}],"author":[{"embeddable":true,"href":"https:\/\/www.oparanews.com.br\/index.php\/wp-json\/wp\/v2\/users\/1"}],"replies":[{"embeddable":true,"href":"https:\/\/www.oparanews.com.br\/index.php\/wp-json\/wp\/v2\/comments?post=10434"}],"version-history":[{"count":0,"href":"https:\/\/www.oparanews.com.br\/index.php\/wp-json\/wp\/v2\/posts\/10434\/revisions"}],"wp:attachment":[{"href":"https:\/\/www.oparanews.com.br\/index.php\/wp-json\/wp\/v2\/media?parent=10434"}],"wp:term":[{"taxonomy":"category","embeddable":true,"href":"https:\/\/www.oparanews.com.br\/index.php\/wp-json\/wp\/v2\/categories?post=10434"},{"taxonomy":"post_tag","embeddable":true,"href":"https:\/\/www.oparanews.com.br\/index.php\/wp-json\/wp\/v2\/tags?post=10434"}],"curies":[{"name":"wp","href":"https:\/\/api.w.org\/{rel}","templated":true}]}}