{"id":10451,"date":"2020-11-02T18:54:19","date_gmt":"2020-11-02T18:54:19","guid":{"rendered":"https:\/\/oparanews.com.br\/?p=10451"},"modified":"2020-11-02T18:54:19","modified_gmt":"2020-11-02T18:54:19","slug":"fiocruz-espera-iniciar-vacinacao-ate-marco-de-2021","status":"publish","type":"post","link":"https:\/\/www.oparanews.com.br\/index.php\/2020\/11\/02\/fiocruz-espera-iniciar-vacinacao-ate-marco-de-2021\/","title":{"rendered":"Fiocruz espera iniciar vacina\u00e7\u00e3o at\u00e9 mar\u00e7o de 2021"},"content":{"rendered":"<p>A presidente da Funda\u00e7\u00e3o Oswaldo Cruz (Fiocruz), a pesquisadora N\u00edsia Trindade Lima, afirmou na manh\u00e3 desta segunda-feira que a produ\u00e7\u00e3o da vacina contra a Covid-19 deve come\u00e7ar entre janeiro e fevereiro e que a imuniza\u00e7\u00e3o da popula\u00e7\u00e3o deve ter in\u00edcio ainda no primeiro trimestre do ano que vem. A Fiocruz vai fabricar a vacina da Universidade de Oxford com a biofarmac\u00eautica AstraZeneca quando ela for aprovada.<\/p>\n<p>\u2014 A expectativa \u00e9 que possamos encaminhar a vacina entre os meses de janeiro e fevereiro para come\u00e7ar a produ\u00e7\u00e3o. A Ag\u00eancia de Vigil\u00e2ncia Sanit\u00e1ria (Anvisa) ir\u00e1 acompanhar todo o processo. Assim, temos a expectativa de que o processo de imuniza\u00e7\u00e3o (no Brasil) comece a ser feito no primeiro trimestre de 2021 \u2014 afirmou N\u00edsia Trindade Lima. \u2014<\/p>\n<p>A declara\u00e7\u00e3o foi dada ap\u00f3s um ato pelo Dia de Finados que contou com a presen\u00e7a de 50 pessoas no Cemit\u00e9rio da Penit\u00eancia, no Caju, Rio de Janeiro. Foi inaugurada a pira \u2014 a \u201cChama da Esperan\u00e7a\u201d \u2014, que s\u00f3 ser\u00e1 apagada quando houver a descoberta de uma vacina. Parte das chamas foi levada para a Fiocruz.<\/p>\n<p>\u2014 A chama na Fiocruz significa confian\u00e7a no trabalho da ci\u00eancia, de ilumina\u00e7\u00e3o para o trabalho de toda a pesquisa da nossa institui\u00e7\u00e3o. Estamos trabalhando com a ci\u00eancia para que essa mensagem de esperan\u00e7a se d\u00ea a partir de testes e da vacina. O papel da Fiocruz est\u00e1 sendo conduzir a pesquisa cient\u00edfica, refor\u00e7ar o nosso Sistema \u00danico de Sa\u00fade (SUS) e produzir as doses \u2014 completou N\u00edsia Trindade.<\/p>\n<p>&nbsp;<\/p>\n<p><strong>Fonte: O Globo<\/strong><\/p>\n<p>&nbsp;<\/p>\n","protected":false},"excerpt":{"rendered":"<p>A presidente da Funda\u00e7\u00e3o Oswaldo Cruz (Fiocruz), a pesquisadora N\u00edsia Trindade Lima, afirmou na manh\u00e3 desta segunda-feira que a produ\u00e7\u00e3o da vacina contra a Covid-19 deve come\u00e7ar entre janeiro e fevereiro e que a imuniza\u00e7\u00e3o da popula\u00e7\u00e3o deve ter in\u00edcio ainda no primeiro trimestre do ano que vem. A Fiocruz vai fabricar a vacina da &hellip;<\/p>\n","protected":false},"author":1,"featured_media":10452,"comment_status":"open","ping_status":"open","sticky":false,"template":"","format":"standard","meta":{"_jetpack_newsletter_access":"","_jetpack_dont_email_post_to_subs":false,"_jetpack_newsletter_tier_id":0,"_jetpack_memberships_contains_paywalled_content":false,"_jetpack_memberships_contains_paid_content":false,"footnotes":""},"categories":[1],"tags":[],"class_list":["post-10451","post","type-post","status-publish","format-standard","has-post-thumbnail","hentry","category-destaque"],"jetpack_sharing_enabled":true,"jetpack_featured_media_url":"","_links":{"self":[{"href":"https:\/\/www.oparanews.com.br\/index.php\/wp-json\/wp\/v2\/posts\/10451","targetHints":{"allow":["GET"]}}],"collection":[{"href":"https:\/\/www.oparanews.com.br\/index.php\/wp-json\/wp\/v2\/posts"}],"about":[{"href":"https:\/\/www.oparanews.com.br\/index.php\/wp-json\/wp\/v2\/types\/post"}],"author":[{"embeddable":true,"href":"https:\/\/www.oparanews.com.br\/index.php\/wp-json\/wp\/v2\/users\/1"}],"replies":[{"embeddable":true,"href":"https:\/\/www.oparanews.com.br\/index.php\/wp-json\/wp\/v2\/comments?post=10451"}],"version-history":[{"count":0,"href":"https:\/\/www.oparanews.com.br\/index.php\/wp-json\/wp\/v2\/posts\/10451\/revisions"}],"wp:attachment":[{"href":"https:\/\/www.oparanews.com.br\/index.php\/wp-json\/wp\/v2\/media?parent=10451"}],"wp:term":[{"taxonomy":"category","embeddable":true,"href":"https:\/\/www.oparanews.com.br\/index.php\/wp-json\/wp\/v2\/categories?post=10451"},{"taxonomy":"post_tag","embeddable":true,"href":"https:\/\/www.oparanews.com.br\/index.php\/wp-json\/wp\/v2\/tags?post=10451"}],"curies":[{"name":"wp","href":"https:\/\/api.w.org\/{rel}","templated":true}]}}