{"id":10463,"date":"2020-11-02T19:12:48","date_gmt":"2020-11-02T19:12:48","guid":{"rendered":"https:\/\/oparanews.com.br\/?p=10463"},"modified":"2020-11-02T19:12:48","modified_gmt":"2020-11-02T19:12:48","slug":"entrevista-apos-goleada-piora-clima-para-dome-no-fla","status":"publish","type":"post","link":"https:\/\/www.oparanews.com.br\/index.php\/2020\/11\/02\/entrevista-apos-goleada-piora-clima-para-dome-no-fla\/","title":{"rendered":"Entrevista ap\u00f3s goleada piora clima para Dome no Fla"},"content":{"rendered":"<p>As rea\u00e7\u00f5es, entre ir\u00f4nicas e um tanto r\u00edspidas, do t\u00e9cnico Dom\u00e8nec Torrent na entrevista ap\u00f3s a goleada sofrida diante do S\u00e3o Paulo (4 a 1), domingo, no Maracan\u00e3, n\u00e3o foram bem recebidas dentro do Flamengo. O blog apurou que, internamente, o entendimento \u00e9 de que, ao n\u00e3o responder diretamente os questionamentos, o catal\u00e3o colocou mais lenha na fogueira das redes sociais onde parte da torcida e da m\u00eddia o mant\u00eam em fritura desde sua chegada.<\/p>\n<p>N\u00e3o, isso n\u00e3o significa que estejam pensando em demitir o treinador, mas depois de um resultado t\u00e3o desastroso, no clube o que se percebe \u00e9 que, ao reagir daquela maneira, Dome n\u00e3o ajudou a ele mesmo. Pelo contr\u00e1rio, deu muni\u00e7\u00e3o aos cr\u00edticos de seu trabalho e pautou programas esportivos que adoram tergiversar quando o time vence, driblando pontos positivos para debater acertos do VAR, por exemplo. Com o placar e suas rea\u00e7\u00f5es ap\u00f3s a goleada, &#8220;deu&#8221; os assuntos a quem procuram pelo em ovo para atac\u00e1-lo.<\/p>\n<p>Diante do resultado e das respostas de Torrent, obviamente as cr\u00edticas a ele tendem a ir al\u00e9m, das falhas da defesa aos p\u00eanaltis perdidos. Como se somente o treinador tivesse responsabilidade nisso. Suas rea\u00e7\u00f5es passaram a ser interpretadas por alguns como se n\u00e3o estivesse admitindo que o domingo foi absolutamente desastroso para o Flamengo. Certamente por isso o vice-presidente de futebol, Marcos Braz, dar\u00e1 entrevista nesta quinta-feira.<\/p>\n<p>O dirigente \u00e9 o respons\u00e1vel pela contrata\u00e7\u00e3o de Dome, juntamente com o diretor-executivo, Bruno Spindel. E obviamente ficou mais dif\u00edcil para ele defender o trabalho do treinador, que tem pontos positivos, evidentemente, quando o time \u00e9 goleado e a entrevista vira um quase confronto com a imprensa ante perguntas pertinentes. O Flamengo joga quarta-feira, no Maracan\u00e3, contra o Athletico, pela Copa do Brasil.<\/p>\n<p>&nbsp;<\/p>\n<p><strong>por Mauro Cezar\/UOL<\/strong><\/p>\n<p>&nbsp;<\/p>\n","protected":false},"excerpt":{"rendered":"<p>As rea\u00e7\u00f5es, entre ir\u00f4nicas e um tanto r\u00edspidas, do t\u00e9cnico Dom\u00e8nec Torrent na entrevista ap\u00f3s a goleada sofrida diante do S\u00e3o Paulo (4 a 1), domingo, no Maracan\u00e3, n\u00e3o foram bem recebidas dentro do Flamengo. O blog apurou que, internamente, o entendimento \u00e9 de que, ao n\u00e3o responder diretamente os questionamentos, o catal\u00e3o colocou mais &hellip;<\/p>\n","protected":false},"author":1,"featured_media":10464,"comment_status":"open","ping_status":"open","sticky":false,"template":"","format":"standard","meta":{"_jetpack_newsletter_access":"","_jetpack_dont_email_post_to_subs":false,"_jetpack_newsletter_tier_id":0,"_jetpack_memberships_contains_paywalled_content":false,"_jetpack_memberships_contains_paid_content":false,"footnotes":""},"categories":[1],"tags":[],"class_list":["post-10463","post","type-post","status-publish","format-standard","has-post-thumbnail","hentry","category-destaque"],"jetpack_sharing_enabled":true,"jetpack_featured_media_url":"","_links":{"self":[{"href":"https:\/\/www.oparanews.com.br\/index.php\/wp-json\/wp\/v2\/posts\/10463","targetHints":{"allow":["GET"]}}],"collection":[{"href":"https:\/\/www.oparanews.com.br\/index.php\/wp-json\/wp\/v2\/posts"}],"about":[{"href":"https:\/\/www.oparanews.com.br\/index.php\/wp-json\/wp\/v2\/types\/post"}],"author":[{"embeddable":true,"href":"https:\/\/www.oparanews.com.br\/index.php\/wp-json\/wp\/v2\/users\/1"}],"replies":[{"embeddable":true,"href":"https:\/\/www.oparanews.com.br\/index.php\/wp-json\/wp\/v2\/comments?post=10463"}],"version-history":[{"count":0,"href":"https:\/\/www.oparanews.com.br\/index.php\/wp-json\/wp\/v2\/posts\/10463\/revisions"}],"wp:attachment":[{"href":"https:\/\/www.oparanews.com.br\/index.php\/wp-json\/wp\/v2\/media?parent=10463"}],"wp:term":[{"taxonomy":"category","embeddable":true,"href":"https:\/\/www.oparanews.com.br\/index.php\/wp-json\/wp\/v2\/categories?post=10463"},{"taxonomy":"post_tag","embeddable":true,"href":"https:\/\/www.oparanews.com.br\/index.php\/wp-json\/wp\/v2\/tags?post=10463"}],"curies":[{"name":"wp","href":"https:\/\/api.w.org\/{rel}","templated":true}]}}