{"id":10466,"date":"2020-11-03T15:00:56","date_gmt":"2020-11-03T15:00:56","guid":{"rendered":"https:\/\/oparanews.com.br\/?p=10466"},"modified":"2020-11-03T15:00:56","modified_gmt":"2020-11-03T15:00:56","slug":"deputado-marcelo-victor-e-reeleito-presidente-da-ale","status":"publish","type":"post","link":"https:\/\/www.oparanews.com.br\/index.php\/2020\/11\/03\/deputado-marcelo-victor-e-reeleito-presidente-da-ale\/","title":{"rendered":"Deputado Marcelo Victor \u00e9 reeleito presidente da ALE"},"content":{"rendered":"<p>O deputado Marcelo Victor (SD) foi reeleito presidente da Assembleia Legislativa de Alagoas (ALE) em vota\u00e7\u00e3o realizada na manh\u00e3 desta ter\u00e7a-feira (3).<\/p>\n<p>Com apenas uma chapa inscrita, o presidente recebeu 25 votos para comandar a Mesa Diretora pelo segundo bi\u00eanio da 19\u00aa Legislatura. Ele afirmou que vai continuar defendendo o Parlamento e cumprindo os compromissos firmados.<\/p>\n<p>Foram eleitos ainda os demais membros da Mesa Diretora:<\/p>\n<p>Deputado Galba Novaes (MDB), 1\u00ba vice-presidente;<br \/>\nDeputado Yvan Beltr\u00e3o (PSD), 2\u00ba vice-presidente;<br \/>\nDeputada \u00c2ngela Garrote (PP), 3\u00aa vice-presidente;<br \/>\nDeputado Francisco Ten\u00f3rio (PMN), 1\u00ba secret\u00e1rio;<br \/>\nDeputado Paulo Dantas (MDB), 2\u00ba secret\u00e1rio;<br \/>\nDeputado Marcos Barbosa (Cidadania), 3\u00ba secret\u00e1rio;<br \/>\nDeputado Bruno Toledo (PROS), 4\u00ba secret\u00e1rio;<br \/>\nDeputada Fl\u00e1via Cavalcante (PRTB), 1\u00aa suplente;<br \/>\nDeputado Dudu Ronalsa (PSDBB), 2\u00ba suplente.<\/p>\n<p>A Mesa Diretora para o 2\u00ba bi\u00eanio toma posse no dia 1\u00ba de fevereiro de 2021.<\/p>\n<p>&nbsp;<\/p>\n<p><strong>Fonte: G1\/AL<\/strong><\/p>\n<p>&nbsp;<\/p>\n","protected":false},"excerpt":{"rendered":"<p>O deputado Marcelo Victor (SD) foi reeleito presidente da Assembleia Legislativa de Alagoas (ALE) em vota\u00e7\u00e3o realizada na manh\u00e3 desta ter\u00e7a-feira (3). Com apenas uma chapa inscrita, o presidente recebeu 25 votos para comandar a Mesa Diretora pelo segundo bi\u00eanio da 19\u00aa Legislatura. Ele afirmou que vai continuar defendendo o Parlamento e cumprindo os compromissos &hellip;<\/p>\n","protected":false},"author":1,"featured_media":10467,"comment_status":"open","ping_status":"open","sticky":false,"template":"","format":"standard","meta":{"_jetpack_newsletter_access":"","_jetpack_dont_email_post_to_subs":false,"_jetpack_newsletter_tier_id":0,"_jetpack_memberships_contains_paywalled_content":false,"_jetpack_memberships_contains_paid_content":false,"footnotes":""},"categories":[1],"tags":[],"class_list":["post-10466","post","type-post","status-publish","format-standard","has-post-thumbnail","hentry","category-destaque"],"jetpack_sharing_enabled":true,"jetpack_featured_media_url":"","_links":{"self":[{"href":"https:\/\/www.oparanews.com.br\/index.php\/wp-json\/wp\/v2\/posts\/10466","targetHints":{"allow":["GET"]}}],"collection":[{"href":"https:\/\/www.oparanews.com.br\/index.php\/wp-json\/wp\/v2\/posts"}],"about":[{"href":"https:\/\/www.oparanews.com.br\/index.php\/wp-json\/wp\/v2\/types\/post"}],"author":[{"embeddable":true,"href":"https:\/\/www.oparanews.com.br\/index.php\/wp-json\/wp\/v2\/users\/1"}],"replies":[{"embeddable":true,"href":"https:\/\/www.oparanews.com.br\/index.php\/wp-json\/wp\/v2\/comments?post=10466"}],"version-history":[{"count":0,"href":"https:\/\/www.oparanews.com.br\/index.php\/wp-json\/wp\/v2\/posts\/10466\/revisions"}],"wp:attachment":[{"href":"https:\/\/www.oparanews.com.br\/index.php\/wp-json\/wp\/v2\/media?parent=10466"}],"wp:term":[{"taxonomy":"category","embeddable":true,"href":"https:\/\/www.oparanews.com.br\/index.php\/wp-json\/wp\/v2\/categories?post=10466"},{"taxonomy":"post_tag","embeddable":true,"href":"https:\/\/www.oparanews.com.br\/index.php\/wp-json\/wp\/v2\/tags?post=10466"}],"curies":[{"name":"wp","href":"https:\/\/api.w.org\/{rel}","templated":true}]}}