{"id":10475,"date":"2020-11-03T15:26:58","date_gmt":"2020-11-03T15:26:58","guid":{"rendered":"https:\/\/oparanews.com.br\/?p=10475"},"modified":"2020-11-03T15:26:58","modified_gmt":"2020-11-03T15:26:58","slug":"ensino-medio-retoma-aulas-presenciais-em-sp-nesta-terca","status":"publish","type":"post","link":"https:\/\/www.oparanews.com.br\/index.php\/2020\/11\/03\/ensino-medio-retoma-aulas-presenciais-em-sp-nesta-terca\/","title":{"rendered":"Ensino m\u00e9dio retoma aulas presenciais em SP nesta ter\u00e7a"},"content":{"rendered":"<p>A partir desta ter\u00e7a-feira (3), escolas municipais, estaduais e privadas podem retomar aulas regulares presenciais do ensino m\u00e9dio na cidade de S\u00e3o Paulo. O retorno \u00e0s aulas \u00e9 optativo.<\/p>\n<p>A retomada foi autorizada pela Prefeitura em outubro. Devido \u00e0 pandemia de Covid-19, as aulas regulares presenciais estavam suspensas desde mar\u00e7o na capital, quando foi implantada a quarentena para prevenir a propaga\u00e7\u00e3o do coronav\u00edrus.<\/p>\n<p>A volta do ensino m\u00e9dio afeta principalmente escolas particulares e estaduais. A rede estadual tem cerca de 311 mil alunos matriculados no ensino m\u00e9dio em 611 escolas na capital. J\u00e1 na rede municipal s\u00e3o 2.410 matriculados em oito escolas.<\/p>\n<p>A prefeitura n\u00e3o divulgou o percentual m\u00e1ximo de estudantes que podem voltar agora, mas as escolas precisam garantir uma dist\u00e2ncia m\u00ednima de 1,5 metro entre eles nas salas de aula.<\/p>\n<p>O sindicato das escolas particulares afirma que os col\u00e9gios est\u00e3o preparados para a volta dos alunos desde julho.<\/p>\n<p>&#8220;A gente j\u00e1 t\u00e1 preparado desde julho pra essa volta. Quando foram suspensas as aulas as escolas come\u00e7aram a se preparar, come\u00e7aram a fazer mudan\u00e7as em layout, investiram em protocolos, em equipamentos, pra poder melhorar a condi\u00e7\u00e3o sanit\u00e1ria da escola&#8221;, afirma Benjamin Ribeiro da Silva, presidente do Sindicato Dos Estabelecimentos De Ensino Do Estado De S\u00e3o Paulo (Sieesp).<\/p>\n<p>De acordo com o prefeito Bruno Covas, que autorizou a volta \u00e0s aulas do ensino m\u00e9dio, o retorno \u00e9 volunt\u00e1rio, ou seja, os pais podem decidir que os filhos retornam ou n\u00e3o \u00e0s escolas.<\/p>\n<p>&#8220;Lembrando que essa autoriza\u00e7\u00e3o para o retorno \u00e9 para as tr\u00eas redes: a rede municipal, a rede estadual e a rede privada. Ela \u00e9 volunt\u00e1ria para os pais, de acordo com a decis\u00e3o j\u00e1 do Conselho Nacional de Educa\u00e7\u00e3o, e ela deve seguir os protocolos sanit\u00e1rios j\u00e1 estabelecidos&#8221;, afirmou Covas.<\/p>\n<p>A operador de caixa Cl\u00e9ia Maria, m\u00e3e do estudante Nicholas, de 17 anos, j\u00e1 decidiu que o filho n\u00e3o volta \u00e0s aulas presenciais nesta ter\u00e7a.<\/p>\n<p>&#8220;Aqui em casa eu e minha m\u00e3e somos do grupo de risco e eu ainda n\u00e3o acho t\u00e3o confi\u00e1vel ele ir at\u00e9 a escola. Primeiro porque ele pega transporte tamb\u00e9m, tem essa tamb\u00e9m, al\u00e9m da escola ele pega transporte&#8221;, explica.<\/p>\n<p><strong>Volta \u00e0s aulas em SP<\/strong><\/p>\n<p>Os estudantes dos ensinos infantil e fundamental podem ter apenas atividades extracurriculares de forma presencial. O ensino regular, para estes alunos, continua \u00e0 dist\u00e2ncia.<\/p>\n<p><strong>Como ser\u00e1 a volta \u00e0s aulas:<\/strong><\/p>\n<p>Ensino infantil: apenas atividades extracurriculares presenciais<br \/>\nEnsino fundamental: apenas atividades extracurriculares presenciais<br \/>\nEnsino m\u00e9dio: retorno \u00e0s aulas presenciais nesta ter\u00e7a (3)<\/p>\n<p>Ap\u00f3s a divulga\u00e7\u00e3o da segunda fase do censo sorol\u00f3gico feito nos estudantes da rede municipal, prevista para 19 de novembro, ser\u00e1 definida a data de retorno dos demais alunos.<\/p>\n<p>Os alunos do ensino m\u00e9dio que decidirem voltar para as escolas far\u00e3o uma prova para medir o que aprenderam no per\u00edodo de aulas remotas. Com o resultado dessa avalia\u00e7\u00e3o, ser\u00e3o definidas estrat\u00e9gias de refor\u00e7o pedag\u00f3gico.<\/p>\n<p><strong>Retorno dos professores<\/strong><\/p>\n<p>A primeira fase do censo sorol\u00f3gico realizada com alunos, professores e funcion\u00e1rios da rede municipal de ensino, divulgada em outubro, mostrou que 13,2% do p\u00fablico alvo j\u00e1 teve contato com o v\u00edrus da Covid-19. Entre os positivos, as crian\u00e7as e adolescentes s\u00e3o a maioria dos infectados.<\/p>\n<p>A primeira fase realizou testes em 65.400 mil pessoas at\u00e9 21 de outubro.<\/p>\n<p>De acordo com o prefeito de S\u00e3o Paulo, Bruno Covas (PSDB), somente os docentes que j\u00e1 tiveram a doen\u00e7a retornar\u00e3o para as escolas.<\/p>\n<p>O censo \u00e9 um levantamento realizado pela Prefeitura de S\u00e3o Paulo em toda a rede municipal de ensino e realiza exames sorol\u00f3gicos que avaliam a presen\u00e7a de anticorpos espec\u00edficos no sangue, identificando quem j\u00e1 teve o novo coronav\u00edrus. No entanto, a presen\u00e7a de anticorpos no organismo n\u00e3o significa que a pessoa esteja imune.<\/p>\n<p>&nbsp;<\/p>\n<p><strong>Fonte: G1\/SP<\/strong><\/p>\n<p>&nbsp;<\/p>\n","protected":false},"excerpt":{"rendered":"<p>A partir desta ter\u00e7a-feira (3), escolas municipais, estaduais e privadas podem retomar aulas regulares presenciais do ensino m\u00e9dio na cidade de S\u00e3o Paulo. O retorno \u00e0s aulas \u00e9 optativo. A retomada foi autorizada pela Prefeitura em outubro. Devido \u00e0 pandemia de Covid-19, as aulas regulares presenciais estavam suspensas desde mar\u00e7o na capital, quando foi implantada &hellip;<\/p>\n","protected":false},"author":1,"featured_media":10476,"comment_status":"open","ping_status":"open","sticky":false,"template":"","format":"standard","meta":{"_jetpack_newsletter_access":"","_jetpack_dont_email_post_to_subs":false,"_jetpack_newsletter_tier_id":0,"_jetpack_memberships_contains_paywalled_content":false,"_jetpack_memberships_contains_paid_content":false,"footnotes":""},"categories":[1],"tags":[],"class_list":["post-10475","post","type-post","status-publish","format-standard","has-post-thumbnail","hentry","category-destaque"],"jetpack_sharing_enabled":true,"jetpack_featured_media_url":"","_links":{"self":[{"href":"https:\/\/www.oparanews.com.br\/index.php\/wp-json\/wp\/v2\/posts\/10475","targetHints":{"allow":["GET"]}}],"collection":[{"href":"https:\/\/www.oparanews.com.br\/index.php\/wp-json\/wp\/v2\/posts"}],"about":[{"href":"https:\/\/www.oparanews.com.br\/index.php\/wp-json\/wp\/v2\/types\/post"}],"author":[{"embeddable":true,"href":"https:\/\/www.oparanews.com.br\/index.php\/wp-json\/wp\/v2\/users\/1"}],"replies":[{"embeddable":true,"href":"https:\/\/www.oparanews.com.br\/index.php\/wp-json\/wp\/v2\/comments?post=10475"}],"version-history":[{"count":0,"href":"https:\/\/www.oparanews.com.br\/index.php\/wp-json\/wp\/v2\/posts\/10475\/revisions"}],"wp:attachment":[{"href":"https:\/\/www.oparanews.com.br\/index.php\/wp-json\/wp\/v2\/media?parent=10475"}],"wp:term":[{"taxonomy":"category","embeddable":true,"href":"https:\/\/www.oparanews.com.br\/index.php\/wp-json\/wp\/v2\/categories?post=10475"},{"taxonomy":"post_tag","embeddable":true,"href":"https:\/\/www.oparanews.com.br\/index.php\/wp-json\/wp\/v2\/tags?post=10475"}],"curies":[{"name":"wp","href":"https:\/\/api.w.org\/{rel}","templated":true}]}}