{"id":10479,"date":"2020-11-03T15:32:43","date_gmt":"2020-11-03T15:32:43","guid":{"rendered":"https:\/\/oparanews.com.br\/?p=10479"},"modified":"2020-11-03T15:32:43","modified_gmt":"2020-11-03T15:32:43","slug":"bolsonaro-recua-e-pode-comprar-coronavac","status":"publish","type":"post","link":"https:\/\/www.oparanews.com.br\/index.php\/2020\/11\/03\/bolsonaro-recua-e-pode-comprar-coronavac\/","title":{"rendered":"Bolsonaro recua e pode comprar CoronaVac"},"content":{"rendered":"<p>Jair Bolsonaro mudou novamente de ideia sobre a compra da CoronaVac, vacina contra Covid-19 desenvolvida pelo Instituto Butant\u00e3, em parceria com o laborat\u00f3rio chin\u00eas Sinovac. Ministros e auxiliares do presidente afirmaram que Bolsonaro passou a admitir desde a semana passada, em conversas reservadas, que o Minist\u00e9rio da Sa\u00fade vai comprar o imunizante se for o primeiro a ter a efic\u00e1cia atestada pela Anvisa.<\/p>\n<p>Os integrantes do governo fazem coro com o vice-presidente Hamilton Mour\u00e3o, que disse em entrevista \u00e0 revista \u201cVeja\u201d que o governo vai comprar a CoronaVac se seu efeito para conter a covid-19 for comprovado.<\/p>\n<p>H\u00e1 duas semanas, ap\u00f3s o Minist\u00e9rio da Sa\u00fade anunciar que firmou um protocolo da inten\u00e7\u00f5es para adquirir 46 milh\u00f5es de doses da CoronaVac, Bolsonaro desautorizou o ministro Eduardo Pazuello e afirmou que o imunizante \u201cn\u00e3o ser\u00e1 comprado\u201d pelo governo brasileiro. O principal entrave para o neg\u00f3cio \u00e9 que o governador Jo\u00e3o Doria, desafeto do presidente, \u00e9 o maior entusiasta dessa vacina.<\/p>\n<p>&nbsp;<\/p>\n<p><strong>Fonte: O Globo<\/strong><\/p>\n<p>&nbsp;<\/p>\n","protected":false},"excerpt":{"rendered":"<p>Jair Bolsonaro mudou novamente de ideia sobre a compra da CoronaVac, vacina contra Covid-19 desenvolvida pelo Instituto Butant\u00e3, em parceria com o laborat\u00f3rio chin\u00eas Sinovac. Ministros e auxiliares do presidente afirmaram que Bolsonaro passou a admitir desde a semana passada, em conversas reservadas, que o Minist\u00e9rio da Sa\u00fade vai comprar o imunizante se for o &hellip;<\/p>\n","protected":false},"author":1,"featured_media":10480,"comment_status":"open","ping_status":"open","sticky":false,"template":"","format":"standard","meta":{"_jetpack_newsletter_access":"","_jetpack_dont_email_post_to_subs":false,"_jetpack_newsletter_tier_id":0,"_jetpack_memberships_contains_paywalled_content":false,"_jetpack_memberships_contains_paid_content":false,"footnotes":""},"categories":[1],"tags":[],"class_list":["post-10479","post","type-post","status-publish","format-standard","has-post-thumbnail","hentry","category-destaque"],"jetpack_sharing_enabled":true,"jetpack_featured_media_url":"","_links":{"self":[{"href":"https:\/\/www.oparanews.com.br\/index.php\/wp-json\/wp\/v2\/posts\/10479","targetHints":{"allow":["GET"]}}],"collection":[{"href":"https:\/\/www.oparanews.com.br\/index.php\/wp-json\/wp\/v2\/posts"}],"about":[{"href":"https:\/\/www.oparanews.com.br\/index.php\/wp-json\/wp\/v2\/types\/post"}],"author":[{"embeddable":true,"href":"https:\/\/www.oparanews.com.br\/index.php\/wp-json\/wp\/v2\/users\/1"}],"replies":[{"embeddable":true,"href":"https:\/\/www.oparanews.com.br\/index.php\/wp-json\/wp\/v2\/comments?post=10479"}],"version-history":[{"count":0,"href":"https:\/\/www.oparanews.com.br\/index.php\/wp-json\/wp\/v2\/posts\/10479\/revisions"}],"wp:attachment":[{"href":"https:\/\/www.oparanews.com.br\/index.php\/wp-json\/wp\/v2\/media?parent=10479"}],"wp:term":[{"taxonomy":"category","embeddable":true,"href":"https:\/\/www.oparanews.com.br\/index.php\/wp-json\/wp\/v2\/categories?post=10479"},{"taxonomy":"post_tag","embeddable":true,"href":"https:\/\/www.oparanews.com.br\/index.php\/wp-json\/wp\/v2\/tags?post=10479"}],"curies":[{"name":"wp","href":"https:\/\/api.w.org\/{rel}","templated":true}]}}