{"id":10491,"date":"2020-11-04T12:33:21","date_gmt":"2020-11-04T12:33:21","guid":{"rendered":"https:\/\/oparanews.com.br\/?p=10491"},"modified":"2020-11-04T12:33:21","modified_gmt":"2020-11-04T12:33:21","slug":"ministro-da-saude-recebe-alta-apos-4-dias-hospitalizado","status":"publish","type":"post","link":"https:\/\/www.oparanews.com.br\/index.php\/2020\/11\/04\/ministro-da-saude-recebe-alta-apos-4-dias-hospitalizado\/","title":{"rendered":"Ministro da Sa\u00fade recebe alta ap\u00f3s 4 dias hospitalizado"},"content":{"rendered":"<p>Ap\u00f3s quatro dias internado, o ministro da Sa\u00fade, Eduardo Pazuello, recebeu alta no fim da tarde desta ter\u00e7a-feira, 3, do Hospital das For\u00e7as Armadas (HFA). De acordo com nota divulgada pela pasta, Pazuello seguir\u00e1 monitorado em sua resid\u00eancia pela equipe m\u00e9dica que o acompanha desde que foi diagnosticado com a Covid-19.<\/p>\n<p>Ainda segundo o comunicado, o ministro tamb\u00e9m se submeteu a um novo teste para o coronav\u00edrus e aguarda o resultado. Pazuello foi diagnosticado com a covid no dia 21 de outubro.<\/p>\n<p>Pazuello foi internado na noite de sexta-feira, 30, no DF Star, um dos mais conceituados de Bras\u00edlia, com um quadro de &#8220;desidrata\u00e7\u00e3o.&#8221; Neste dia, a nota do minist\u00e9rio trazia uma expectativa de que ele seria liberado &#8220;brevemente&#8221;. Mas, com o acompanhamento m\u00e9dico, a decis\u00e3o foi de permanecer na unidade. Ele ficou neste endere\u00e7o at\u00e9 domingo, 1, quando teve alta.<\/p>\n<p>Mas, em vez de ir para casa, o ministro foi encaminhado para o Hospital das For\u00e7as Armadas. Pouca informa\u00e7\u00e3o foi divulgada para explicar o motivo dessa transfer\u00eancia. Segundo o minist\u00e9rio, a raz\u00e3o foi &#8220;para an\u00e1lise da equipe m\u00e9dica que o acompanha desde o in\u00edcio do tratamento para covid-19&#8221; e tamb\u00e9m que &#8220;o procedimento \u00e9 regulamentar para o tratamento que teve in\u00edcio em unidade de sa\u00fade militar&#8221;.<\/p>\n<p>Antes de ir para o DF Star, na sexta-feira, Pazuello estava cumprindo isolamento em um hotel de tr\u00e2nsito dos oficiais, no Setor Militar Urbano, na capital federal, e sentiu febre e dor de cabe\u00e7a.<\/p>\n<p>O ministro da Sa\u00fade costumava comparecer a eventos p\u00fablicos sem m\u00e1scara antes de contrair a doen\u00e7a.<\/p>\n<p>No \u00faltimo dia 22, o presidente Jair Bolsonaro fez uma visita a Pazuello no hotel, ap\u00f3s t\u00ea-lo desautorizado publicamente, cancelando o acordo para compra de 46 milh\u00f5es de doses da vacina Coronavac, desenvolvida na China.<\/p>\n<p>Na ocasi\u00e3o, os dois gravaram um v\u00eddeo sem m\u00e1scara, apesar de o ministro estar contaminado. No v\u00eddeo, Pazuello disse que tomou o &#8220;kit completo&#8221; contra coronav\u00edrus, incluindo a hidroxicloroquina, medicamento defendido por Bolsonaro, mas que n\u00e3o tem comprova\u00e7\u00e3o cient\u00edfica de efic\u00e1cia contra a doen\u00e7a. O ministro chegou a dizer que estava &#8220;zero bala&#8221;, e Bolsonaro a afirmar que Pazuello era &#8220;mais um caso concreto&#8221; de que o uso da hidroxicloroquina &#8220;deu certo&#8221;<\/p>\n<p>&nbsp;<\/p>\n<p><strong>Fonte: Terra<\/strong><\/p>\n<p>&nbsp;<\/p>\n","protected":false},"excerpt":{"rendered":"<p>Ap\u00f3s quatro dias internado, o ministro da Sa\u00fade, Eduardo Pazuello, recebeu alta no fim da tarde desta ter\u00e7a-feira, 3, do Hospital das For\u00e7as Armadas (HFA). De acordo com nota divulgada pela pasta, Pazuello seguir\u00e1 monitorado em sua resid\u00eancia pela equipe m\u00e9dica que o acompanha desde que foi diagnosticado com a Covid-19. Ainda segundo o comunicado, &hellip;<\/p>\n","protected":false},"author":1,"featured_media":10492,"comment_status":"open","ping_status":"open","sticky":false,"template":"","format":"standard","meta":{"_jetpack_newsletter_access":"","_jetpack_dont_email_post_to_subs":false,"_jetpack_newsletter_tier_id":0,"_jetpack_memberships_contains_paywalled_content":false,"_jetpack_memberships_contains_paid_content":false,"footnotes":""},"categories":[1],"tags":[],"class_list":["post-10491","post","type-post","status-publish","format-standard","has-post-thumbnail","hentry","category-destaque"],"jetpack_sharing_enabled":true,"jetpack_featured_media_url":"","_links":{"self":[{"href":"https:\/\/www.oparanews.com.br\/index.php\/wp-json\/wp\/v2\/posts\/10491","targetHints":{"allow":["GET"]}}],"collection":[{"href":"https:\/\/www.oparanews.com.br\/index.php\/wp-json\/wp\/v2\/posts"}],"about":[{"href":"https:\/\/www.oparanews.com.br\/index.php\/wp-json\/wp\/v2\/types\/post"}],"author":[{"embeddable":true,"href":"https:\/\/www.oparanews.com.br\/index.php\/wp-json\/wp\/v2\/users\/1"}],"replies":[{"embeddable":true,"href":"https:\/\/www.oparanews.com.br\/index.php\/wp-json\/wp\/v2\/comments?post=10491"}],"version-history":[{"count":0,"href":"https:\/\/www.oparanews.com.br\/index.php\/wp-json\/wp\/v2\/posts\/10491\/revisions"}],"wp:attachment":[{"href":"https:\/\/www.oparanews.com.br\/index.php\/wp-json\/wp\/v2\/media?parent=10491"}],"wp:term":[{"taxonomy":"category","embeddable":true,"href":"https:\/\/www.oparanews.com.br\/index.php\/wp-json\/wp\/v2\/categories?post=10491"},{"taxonomy":"post_tag","embeddable":true,"href":"https:\/\/www.oparanews.com.br\/index.php\/wp-json\/wp\/v2\/tags?post=10491"}],"curies":[{"name":"wp","href":"https:\/\/api.w.org\/{rel}","templated":true}]}}