{"id":10505,"date":"2020-11-04T19:31:17","date_gmt":"2020-11-04T19:31:17","guid":{"rendered":"https:\/\/oparanews.com.br\/?p=10505"},"modified":"2020-11-04T19:31:17","modified_gmt":"2020-11-04T19:31:17","slug":"alagoas-confirma-126-novos-casos-e-mais-quatro-mortes-por-covid-19","status":"publish","type":"post","link":"https:\/\/www.oparanews.com.br\/index.php\/2020\/11\/04\/alagoas-confirma-126-novos-casos-e-mais-quatro-mortes-por-covid-19\/","title":{"rendered":"Alagoas confirma 126 novos casos e mais quatro mortes por Covid-19"},"content":{"rendered":"<p>Alagoas confirmou 126 casos e quatro mortes por Covid-19, nas \u00faltimas 24 horas. Desde o come\u00e7o da pandemia, o estado registrou 91.142 casos e 2.254 \u00f3bitos causados pela doen\u00e7a. Os n\u00fameros foram divulgados no boletim epidemiol\u00f3gico da Secretaria de Estado da Sa\u00fade (Sesau) desta quarta-feira (4).<\/p>\n<p>O total de casos suspeitos chegou a 2.094. E o n\u00famero de pessoas que foram infectadas pelo novo coronav\u00edrus e est\u00e3o recuperadas \u00e9 88.150.<\/p>\n<p>At\u00e9 a tarde de ter\u00e7a, \u00faltima atualiza\u00e7\u00e3o do boletim, a taxa de ocupa\u00e7\u00e3o de leitos exclusivos para Covid-19 estava em 19%. Considerando apenas os leitos de UTI, a ocupa\u00e7\u00e3o era de 35%.<\/p>\n<p><strong>Mais quatro mortes por Covid-19<\/strong><\/p>\n<p>Macei\u00f3: Homem, 62 anos \u2013 diab\u00e9tico<br \/>\nMarechal Deodoro: Homem, 59 anos \u2013 imunossupress\u00e3o<br \/>\nS\u00e3o Jos\u00e9 da Tapera: Mulher, 89 anos \u2013 sem comorbidades<br \/>\nPenedo: Mulher, 81 anos \u2013 sem comorbidades<\/p>\n<p>&nbsp;<\/p>\n<p><strong>Fonte: G1\/AL<\/strong><\/p>\n<p>&nbsp;<\/p>\n","protected":false},"excerpt":{"rendered":"<p>Alagoas confirmou 126 casos e quatro mortes por Covid-19, nas \u00faltimas 24 horas. Desde o come\u00e7o da pandemia, o estado registrou 91.142 casos e 2.254 \u00f3bitos causados pela doen\u00e7a. Os n\u00fameros foram divulgados no boletim epidemiol\u00f3gico da Secretaria de Estado da Sa\u00fade (Sesau) desta quarta-feira (4). O total de casos suspeitos chegou a 2.094. E &hellip;<\/p>\n","protected":false},"author":1,"featured_media":10506,"comment_status":"open","ping_status":"open","sticky":false,"template":"","format":"standard","meta":{"_jetpack_newsletter_access":"","_jetpack_dont_email_post_to_subs":false,"_jetpack_newsletter_tier_id":0,"_jetpack_memberships_contains_paywalled_content":false,"_jetpack_memberships_contains_paid_content":false,"footnotes":""},"categories":[1],"tags":[],"class_list":["post-10505","post","type-post","status-publish","format-standard","has-post-thumbnail","hentry","category-destaque"],"jetpack_sharing_enabled":true,"jetpack_featured_media_url":"","_links":{"self":[{"href":"https:\/\/www.oparanews.com.br\/index.php\/wp-json\/wp\/v2\/posts\/10505","targetHints":{"allow":["GET"]}}],"collection":[{"href":"https:\/\/www.oparanews.com.br\/index.php\/wp-json\/wp\/v2\/posts"}],"about":[{"href":"https:\/\/www.oparanews.com.br\/index.php\/wp-json\/wp\/v2\/types\/post"}],"author":[{"embeddable":true,"href":"https:\/\/www.oparanews.com.br\/index.php\/wp-json\/wp\/v2\/users\/1"}],"replies":[{"embeddable":true,"href":"https:\/\/www.oparanews.com.br\/index.php\/wp-json\/wp\/v2\/comments?post=10505"}],"version-history":[{"count":0,"href":"https:\/\/www.oparanews.com.br\/index.php\/wp-json\/wp\/v2\/posts\/10505\/revisions"}],"wp:attachment":[{"href":"https:\/\/www.oparanews.com.br\/index.php\/wp-json\/wp\/v2\/media?parent=10505"}],"wp:term":[{"taxonomy":"category","embeddable":true,"href":"https:\/\/www.oparanews.com.br\/index.php\/wp-json\/wp\/v2\/categories?post=10505"},{"taxonomy":"post_tag","embeddable":true,"href":"https:\/\/www.oparanews.com.br\/index.php\/wp-json\/wp\/v2\/tags?post=10505"}],"curies":[{"name":"wp","href":"https:\/\/api.w.org\/{rel}","templated":true}]}}