{"id":10508,"date":"2020-11-04T19:39:51","date_gmt":"2020-11-04T19:39:51","guid":{"rendered":"https:\/\/oparanews.com.br\/?p=10508"},"modified":"2020-11-04T19:39:51","modified_gmt":"2020-11-04T19:39:51","slug":"aos-37-anos-pepe-renova-com-o-porto-ate-2023","status":"publish","type":"post","link":"https:\/\/www.oparanews.com.br\/index.php\/2020\/11\/04\/aos-37-anos-pepe-renova-com-o-porto-ate-2023\/","title":{"rendered":"Aos 37 anos, Pepe renova com o Porto at\u00e9 2023"},"content":{"rendered":"<p>Em grande fase aos 37 anos, Pepe renovou seu contrato com o Porto at\u00e9 2023. Para o zagueiro, sua idade n\u00e3o \u00e9 um problema para que suas atua\u00e7\u00f5es continuem sendo em alto n\u00edvel.<\/p>\n<p>&#8211; Quero agradecer ao presidente, \u00e0 dire\u00e7\u00e3o, ao treinador. Ele faz com que a gente seja muito competitivo. Com 37 anos, consigo competir em alto n\u00edvel. Quando cheguei ao Porto, numa das conversas que tive com o S\u00e9rgio Concei\u00e7\u00e3o, disse que s\u00f3 queria a oportunidade de poder lutar por um espa\u00e7o. Estarei aqui por mais dois anos para poder ajudar o clube. Espero que no final n\u00f3s festejemos com t\u00edtulos, porque \u00e9 para isso que trabalhamos &#8211; disse.<\/p>\n<p>O zagueiro tamb\u00e9m revelou desejo de atuar at\u00e9 os 42 anos e disse que a renova\u00e7\u00e3o \u00e9 muito importante em sua carreira.<\/p>\n<p>&#8211; Para mim representa muita coisa, mas eu sou muito realista e o presidente disse que \u00e9 sobre o rendimento. Acho que o n\u00famero e a idade s\u00e3o s\u00f3 n\u00fameros. O que vale \u00e9 o meu rendimento, a minha capacidade dentro de campo e nos treinos. Quando um jogador completa 30 anos dizem que \u00e9 muito velho, eu vou fazer quase 40 anos e tenho a felicidade de contar com bons treinadores, bons profissionais que me ajudam e por isso \u00e9 que eu estou num grande clube como o Porto. S\u00e3o dois anos at\u00e9 aos 40, quem sabe posso ir at\u00e9 aos 42.<\/p>\n<p>&nbsp;<\/p>\n<p><strong>Fonte: LANCE!<\/strong><\/p>\n<p>&nbsp;<\/p>\n","protected":false},"excerpt":{"rendered":"<p>Em grande fase aos 37 anos, Pepe renovou seu contrato com o Porto at\u00e9 2023. Para o zagueiro, sua idade n\u00e3o \u00e9 um problema para que suas atua\u00e7\u00f5es continuem sendo em alto n\u00edvel. &#8211; Quero agradecer ao presidente, \u00e0 dire\u00e7\u00e3o, ao treinador. Ele faz com que a gente seja muito competitivo. Com 37 anos, consigo &hellip;<\/p>\n","protected":false},"author":1,"featured_media":10509,"comment_status":"open","ping_status":"open","sticky":false,"template":"","format":"standard","meta":{"_jetpack_newsletter_access":"","_jetpack_dont_email_post_to_subs":false,"_jetpack_newsletter_tier_id":0,"_jetpack_memberships_contains_paywalled_content":false,"_jetpack_memberships_contains_paid_content":false,"footnotes":""},"categories":[1],"tags":[],"class_list":["post-10508","post","type-post","status-publish","format-standard","has-post-thumbnail","hentry","category-destaque"],"jetpack_sharing_enabled":true,"jetpack_featured_media_url":"","_links":{"self":[{"href":"https:\/\/www.oparanews.com.br\/index.php\/wp-json\/wp\/v2\/posts\/10508","targetHints":{"allow":["GET"]}}],"collection":[{"href":"https:\/\/www.oparanews.com.br\/index.php\/wp-json\/wp\/v2\/posts"}],"about":[{"href":"https:\/\/www.oparanews.com.br\/index.php\/wp-json\/wp\/v2\/types\/post"}],"author":[{"embeddable":true,"href":"https:\/\/www.oparanews.com.br\/index.php\/wp-json\/wp\/v2\/users\/1"}],"replies":[{"embeddable":true,"href":"https:\/\/www.oparanews.com.br\/index.php\/wp-json\/wp\/v2\/comments?post=10508"}],"version-history":[{"count":0,"href":"https:\/\/www.oparanews.com.br\/index.php\/wp-json\/wp\/v2\/posts\/10508\/revisions"}],"wp:attachment":[{"href":"https:\/\/www.oparanews.com.br\/index.php\/wp-json\/wp\/v2\/media?parent=10508"}],"wp:term":[{"taxonomy":"category","embeddable":true,"href":"https:\/\/www.oparanews.com.br\/index.php\/wp-json\/wp\/v2\/categories?post=10508"},{"taxonomy":"post_tag","embeddable":true,"href":"https:\/\/www.oparanews.com.br\/index.php\/wp-json\/wp\/v2\/tags?post=10508"}],"curies":[{"name":"wp","href":"https:\/\/api.w.org\/{rel}","templated":true}]}}