{"id":10511,"date":"2020-11-04T19:42:27","date_gmt":"2020-11-04T19:42:27","guid":{"rendered":"https:\/\/oparanews.com.br\/?p=10511"},"modified":"2020-11-04T19:42:27","modified_gmt":"2020-11-04T19:42:27","slug":"crb-esta-proximo-de-anunciar-pacotao-de-contratacoes","status":"publish","type":"post","link":"https:\/\/www.oparanews.com.br\/index.php\/2020\/11\/04\/crb-esta-proximo-de-anunciar-pacotao-de-contratacoes\/","title":{"rendered":"CRB est\u00e1 pr\u00f3ximo de anunciar &#8220;pacot\u00e3o&#8221; de contrata\u00e7\u00f5es"},"content":{"rendered":"<p>O CRB pode anunciar at\u00e9 o final desta semana um &#8220;pacote&#8221; de refor\u00e7os para a sequ\u00eancia do Campeonato Brasileiro da S\u00e9rie B. A diretoria do clube est\u00e1 com negocia\u00e7\u00f5es avan\u00e7adas junto a quatro jogadores. S\u00e3o eles: Os atacantes J\u00fanior Brand\u00e3o e Regis, o meia Anderson Cear\u00e1 e o volante Wesley.<\/p>\n<p>Wesley disputou a S\u00e9rie B do ano passado pelo Crici\u00fama\/SC e estava no Ava\u00ed\/SC nessa temporada. O experiente volante coleciona passagens pelo Palmeiras e pelo elenco de ouro do Santos, em 2010. Neste ano, ele disputou 12 jogos, por\u00e9m, n\u00e3o marcou nenhum gol.<\/p>\n<p>A outra novidade pode pintar da Chapecoense. Trata-se do atacante Regis. O jogador disputou a S\u00e9rie A ano passado pela Chapecoense\/SC e deve refor\u00e7ar o ataque do Galo no segundo turno da S\u00e9rie B. Canhoto, o avan\u00e7ado atua pela beirada de campo e tem boa qualidade nos chutes de m\u00e9dia dist\u00e2ncia.<\/p>\n<p>J\u00fanior Brand\u00e3o e Anderson Cear\u00e1 ainda aguardam libera\u00e7\u00e3o dos seus clubes. A defini\u00e7\u00e3o deve acontecer at\u00e9 sexta-feira (6).<\/p>\n<p>O CRB inicia o segundo turno no Est\u00e1dio Rei Pel\u00e9. Neste domingo (8), o Galo ir\u00e1 encarar o Juventude, \u00e0s 18h15, pela 20\u00aa rodada da S\u00e9rie B.<\/p>\n<p>&nbsp;<\/p>\n<p><strong>Por Raphael Silva\/Gazetaweb<\/strong><\/p>\n<p>&nbsp;<\/p>\n","protected":false},"excerpt":{"rendered":"<p>O CRB pode anunciar at\u00e9 o final desta semana um &#8220;pacote&#8221; de refor\u00e7os para a sequ\u00eancia do Campeonato Brasileiro da S\u00e9rie B. A diretoria do clube est\u00e1 com negocia\u00e7\u00f5es avan\u00e7adas junto a quatro jogadores. S\u00e3o eles: Os atacantes J\u00fanior Brand\u00e3o e Regis, o meia Anderson Cear\u00e1 e o volante Wesley. Wesley disputou a S\u00e9rie B &hellip;<\/p>\n","protected":false},"author":1,"featured_media":10512,"comment_status":"open","ping_status":"open","sticky":false,"template":"","format":"standard","meta":{"_jetpack_newsletter_access":"","_jetpack_dont_email_post_to_subs":false,"_jetpack_newsletter_tier_id":0,"_jetpack_memberships_contains_paywalled_content":false,"_jetpack_memberships_contains_paid_content":false,"footnotes":""},"categories":[1],"tags":[],"class_list":["post-10511","post","type-post","status-publish","format-standard","has-post-thumbnail","hentry","category-destaque"],"jetpack_sharing_enabled":true,"jetpack_featured_media_url":"","_links":{"self":[{"href":"https:\/\/www.oparanews.com.br\/index.php\/wp-json\/wp\/v2\/posts\/10511","targetHints":{"allow":["GET"]}}],"collection":[{"href":"https:\/\/www.oparanews.com.br\/index.php\/wp-json\/wp\/v2\/posts"}],"about":[{"href":"https:\/\/www.oparanews.com.br\/index.php\/wp-json\/wp\/v2\/types\/post"}],"author":[{"embeddable":true,"href":"https:\/\/www.oparanews.com.br\/index.php\/wp-json\/wp\/v2\/users\/1"}],"replies":[{"embeddable":true,"href":"https:\/\/www.oparanews.com.br\/index.php\/wp-json\/wp\/v2\/comments?post=10511"}],"version-history":[{"count":0,"href":"https:\/\/www.oparanews.com.br\/index.php\/wp-json\/wp\/v2\/posts\/10511\/revisions"}],"wp:attachment":[{"href":"https:\/\/www.oparanews.com.br\/index.php\/wp-json\/wp\/v2\/media?parent=10511"}],"wp:term":[{"taxonomy":"category","embeddable":true,"href":"https:\/\/www.oparanews.com.br\/index.php\/wp-json\/wp\/v2\/categories?post=10511"},{"taxonomy":"post_tag","embeddable":true,"href":"https:\/\/www.oparanews.com.br\/index.php\/wp-json\/wp\/v2\/tags?post=10511"}],"curies":[{"name":"wp","href":"https:\/\/api.w.org\/{rel}","templated":true}]}}