{"id":10518,"date":"2020-11-04T19:53:57","date_gmt":"2020-11-04T19:53:57","guid":{"rendered":"https:\/\/oparanews.com.br\/?p=10518"},"modified":"2020-11-04T19:53:57","modified_gmt":"2020-11-04T19:53:57","slug":"lider-do-centrao-na-camara-deputado-arthur-lira-esta-com-covid-19","status":"publish","type":"post","link":"https:\/\/www.oparanews.com.br\/index.php\/2020\/11\/04\/lider-do-centrao-na-camara-deputado-arthur-lira-esta-com-covid-19\/","title":{"rendered":"L\u00edder do Centr\u00e3o, deputado Arthur Lira est\u00e1 com Covid-19"},"content":{"rendered":"<p>O deputado Arthur Lira (PP-AL), l\u00edder do Centr\u00e3o na C\u00e2mara, afirmou em rede social nesta quarta-feira (4) que recebeu diagn\u00f3stico positivo para a Covid-19. O grupo de partidos conhecido como Centr\u00e3o comp\u00f5e a base aliada do governo Jair Bolsonaro no Congresso.<\/p>\n<p>Segundo o parlamentar, o teste foi feito nesta ter\u00e7a-feira (3). Lira diz estar bem e sem sintomas da doen\u00e7a. &#8220;Mas tenho que guardar o repouso necess\u00e1rio para que n\u00e3o seja condutor de transmiss\u00e3o para outras pessoas&#8221;, afirmou.<\/p>\n<p>Por conta do diagn\u00f3stico, o parlamentar afirmou que n\u00e3o poder\u00e1 comparecer \u00e0 agenda oficial de Bolsonaro em Alagoas, nesta quinta (5), para a inaugura\u00e7\u00e3o de obras.<\/p>\n<p>&#8220;N\u00e3o vou estar presente nesses dias pessoalmente em diversos com\u00edcios de diversos companheiros que est\u00e3o disputando elei\u00e7\u00f5es tanto em Macei\u00f3 quanto em todas as cidades de Alagoas&#8221;, disse.<\/p>\n<p>&nbsp;<\/p>\n<p><strong>Fonte: G1\/AL<\/strong><\/p>\n<p>&nbsp;<\/p>\n","protected":false},"excerpt":{"rendered":"<p>O deputado Arthur Lira (PP-AL), l\u00edder do Centr\u00e3o na C\u00e2mara, afirmou em rede social nesta quarta-feira (4) que recebeu diagn\u00f3stico positivo para a Covid-19. O grupo de partidos conhecido como Centr\u00e3o comp\u00f5e a base aliada do governo Jair Bolsonaro no Congresso. Segundo o parlamentar, o teste foi feito nesta ter\u00e7a-feira (3). Lira diz estar bem &hellip;<\/p>\n","protected":false},"author":1,"featured_media":10519,"comment_status":"open","ping_status":"open","sticky":false,"template":"","format":"standard","meta":{"_jetpack_newsletter_access":"","_jetpack_dont_email_post_to_subs":false,"_jetpack_newsletter_tier_id":0,"_jetpack_memberships_contains_paywalled_content":false,"_jetpack_memberships_contains_paid_content":false,"footnotes":""},"categories":[1],"tags":[],"class_list":["post-10518","post","type-post","status-publish","format-standard","has-post-thumbnail","hentry","category-destaque"],"jetpack_sharing_enabled":true,"jetpack_featured_media_url":"","_links":{"self":[{"href":"https:\/\/www.oparanews.com.br\/index.php\/wp-json\/wp\/v2\/posts\/10518","targetHints":{"allow":["GET"]}}],"collection":[{"href":"https:\/\/www.oparanews.com.br\/index.php\/wp-json\/wp\/v2\/posts"}],"about":[{"href":"https:\/\/www.oparanews.com.br\/index.php\/wp-json\/wp\/v2\/types\/post"}],"author":[{"embeddable":true,"href":"https:\/\/www.oparanews.com.br\/index.php\/wp-json\/wp\/v2\/users\/1"}],"replies":[{"embeddable":true,"href":"https:\/\/www.oparanews.com.br\/index.php\/wp-json\/wp\/v2\/comments?post=10518"}],"version-history":[{"count":0,"href":"https:\/\/www.oparanews.com.br\/index.php\/wp-json\/wp\/v2\/posts\/10518\/revisions"}],"wp:attachment":[{"href":"https:\/\/www.oparanews.com.br\/index.php\/wp-json\/wp\/v2\/media?parent=10518"}],"wp:term":[{"taxonomy":"category","embeddable":true,"href":"https:\/\/www.oparanews.com.br\/index.php\/wp-json\/wp\/v2\/categories?post=10518"},{"taxonomy":"post_tag","embeddable":true,"href":"https:\/\/www.oparanews.com.br\/index.php\/wp-json\/wp\/v2\/tags?post=10518"}],"curies":[{"name":"wp","href":"https:\/\/api.w.org\/{rel}","templated":true}]}}