{"id":10534,"date":"2020-11-05T13:37:20","date_gmt":"2020-11-05T13:37:20","guid":{"rendered":"https:\/\/oparanews.com.br\/?p=10534"},"modified":"2020-11-05T13:37:20","modified_gmt":"2020-11-05T13:37:20","slug":"adolescente-e-suspeito-de-estuprar-crianca-de-8-anos-em-arapiraca","status":"publish","type":"post","link":"https:\/\/www.oparanews.com.br\/index.php\/2020\/11\/05\/adolescente-e-suspeito-de-estuprar-crianca-de-8-anos-em-arapiraca\/","title":{"rendered":"Adolescente \u00e9 suspeito de estuprar crian\u00e7a de 8 anos em Arapiraca"},"content":{"rendered":"<p>Militares do 3\u00ba Batalh\u00e3o receberam a den\u00fancia de que uma crian\u00e7a de oito anos foi estuprada por um adolescente, na noite dessa quarta-feira, 04, no bairro de Planalto, em Arapiraca, no Agreste alagoano. O jovem de 15 anos foi apreendido e conduzido para a delegacia.<\/p>\n<p>Segundo a pol\u00edcia, a equipe esteve no local informado pela den\u00fancia e constatou, ap\u00f3s colher depoimentos, que o menino foi levado \u00e0 for\u00e7a para uma \u00e1rea deserta e abusado pelo agressor. N\u00e3o h\u00e1 informa\u00e7\u00f5es se os dois j\u00e1 se conheciam antes.<\/p>\n<p>O adolescente foi levado para o Central de Pol\u00edcia Civil do munic\u00edpio, onde foi lavrado contra ele um auto de apreens\u00e3o em flagrante por ato infracional an\u00e1logo ao crime de estupro de vulner\u00e1vel.<\/p>\n<p>O jovem ficou sob cust\u00f3dia da pol\u00edcia e a crian\u00e7a foi entregue aos cuidados da m\u00e3e.<\/p>\n<p>&nbsp;<\/p>\n<p><strong>Fonte: TNH1<\/strong><\/p>\n<p>&nbsp;<\/p>\n","protected":false},"excerpt":{"rendered":"<p>Militares do 3\u00ba Batalh\u00e3o receberam a den\u00fancia de que uma crian\u00e7a de oito anos foi estuprada por um adolescente, na noite dessa quarta-feira, 04, no bairro de Planalto, em Arapiraca, no Agreste alagoano. O jovem de 15 anos foi apreendido e conduzido para a delegacia. Segundo a pol\u00edcia, a equipe esteve no local informado pela &hellip;<\/p>\n","protected":false},"author":1,"featured_media":10535,"comment_status":"open","ping_status":"open","sticky":false,"template":"","format":"standard","meta":{"_jetpack_newsletter_access":"","_jetpack_dont_email_post_to_subs":false,"_jetpack_newsletter_tier_id":0,"_jetpack_memberships_contains_paywalled_content":false,"_jetpack_memberships_contains_paid_content":false,"footnotes":""},"categories":[1],"tags":[],"class_list":["post-10534","post","type-post","status-publish","format-standard","has-post-thumbnail","hentry","category-destaque"],"jetpack_sharing_enabled":true,"jetpack_featured_media_url":"","_links":{"self":[{"href":"https:\/\/www.oparanews.com.br\/index.php\/wp-json\/wp\/v2\/posts\/10534","targetHints":{"allow":["GET"]}}],"collection":[{"href":"https:\/\/www.oparanews.com.br\/index.php\/wp-json\/wp\/v2\/posts"}],"about":[{"href":"https:\/\/www.oparanews.com.br\/index.php\/wp-json\/wp\/v2\/types\/post"}],"author":[{"embeddable":true,"href":"https:\/\/www.oparanews.com.br\/index.php\/wp-json\/wp\/v2\/users\/1"}],"replies":[{"embeddable":true,"href":"https:\/\/www.oparanews.com.br\/index.php\/wp-json\/wp\/v2\/comments?post=10534"}],"version-history":[{"count":0,"href":"https:\/\/www.oparanews.com.br\/index.php\/wp-json\/wp\/v2\/posts\/10534\/revisions"}],"wp:attachment":[{"href":"https:\/\/www.oparanews.com.br\/index.php\/wp-json\/wp\/v2\/media?parent=10534"}],"wp:term":[{"taxonomy":"category","embeddable":true,"href":"https:\/\/www.oparanews.com.br\/index.php\/wp-json\/wp\/v2\/categories?post=10534"},{"taxonomy":"post_tag","embeddable":true,"href":"https:\/\/www.oparanews.com.br\/index.php\/wp-json\/wp\/v2\/tags?post=10534"}],"curies":[{"name":"wp","href":"https:\/\/api.w.org\/{rel}","templated":true}]}}