{"id":10537,"date":"2020-11-05T18:55:33","date_gmt":"2020-11-05T18:55:33","guid":{"rendered":"https:\/\/oparanews.com.br\/?p=10537"},"modified":"2020-11-05T18:55:33","modified_gmt":"2020-11-05T18:55:33","slug":"tribunal-misto-vota-para-prosseguir-com-o-impeachment-de-witzel","status":"publish","type":"post","link":"https:\/\/www.oparanews.com.br\/index.php\/2020\/11\/05\/tribunal-misto-vota-para-prosseguir-com-o-impeachment-de-witzel\/","title":{"rendered":"Tribunal Misto vota para prosseguir com o impeachment de Witzel"},"content":{"rendered":"<p>O Tribunal Especial Misto decidiu, nesta quinta-feira (5), prosseguir com o processo de impeachment do governador afastado do RJ, Wilson Witzel (PSC).<\/p>\n<p>A sess\u00e3o durou aproximadamente quatro horas e a decis\u00e3o do prosseguimento do processo ocorreu por unanimidade.<\/p>\n<p>Por maioria (6 x4), tamb\u00e9m ficou decidido que Witzel dever\u00e1 deixar o Pal\u00e1cio Laranjeiras. O prazo \u00e9 de 10 dias a partir do ac\u00f3rd\u00e3o.<\/p>\n<p>Votaram pela continuidade do processo<\/p>\n<p>Deputado estadual Waldeck Carneiro, relator<br \/>\nDeputado estadual Carlos Macedo<br \/>\nDeputado estadual Chico Machado<br \/>\nDesembargador Fernando Foch<br \/>\nDesembargador Jos\u00e9 Carlos Maldonado de Carvalho<br \/>\nDesembargadora Teresa de Andrade Castro Neves<br \/>\nDeputado Alexandre Freitas<br \/>\nDesembargadora In\u00eas da Trindade Chaves de Mello<br \/>\nDeputada estadual Dani Monteiro<br \/>\nDesembargadora Maria da Gl\u00f3ria Bandeira de Mello<\/p>\n<p>Votaram contra o despejo de Witzel do pal\u00e1cio os deputados Chico Machado e Alexandre Freitas e os desembargadores Fernando Foch e Maria da Gl\u00f3ria Bandeira de Mello.<\/p>\n<p>Todos os componentes do tribunal tamb\u00e9m votaram para que Witzel seja descontado em 1\/3 no seu sal\u00e1rio. O governador recebeu, em outubro, R$ 14.621,33 \u2014 a previs\u00e3o \u00e9 que a remunera\u00e7\u00e3o l\u00edquida caia para R$ 9,7 mil.<\/p>\n<p>Ap\u00f3s a decis\u00e3o, Witzel fez uma publica\u00e7\u00e3o em uma de suas redes sociais. Ele diz que est\u00e1 sendo acusado sem provas e enfrenta mais esse cap\u00edtulo com a consci\u00eancia tranquila. O governador afastado citou Jesus Cristo na publica\u00e7\u00e3o e disse que os deputados n\u00e3o s\u00e3o t\u00e3o rigorosos com outros deputados acusados e investigados.<\/p>\n<p>&#8220;Nem mesmo Jesus Cristo teve um julgamento justo, mas cumpriu seu prop\u00f3sito. N\u00e3o tenho d\u00favida de que a verdade prevalecer\u00e1. Infelizmente, a pol\u00edtica tem usado o processo penal e o impeachment para afastar aqueles que n\u00e3o conseguem derrotar nas urnas.<\/p>\n<p>Agora, o processo seguir\u00e1 para a fase de tomada de depoimentos e coleta de provas.<\/p>\n<p>\u201cA partir do dia da intima\u00e7\u00e3o, ficar\u00e1 suspenso o exerc\u00edcio da fun\u00e7\u00e3o de governador de Rio de Janeiro at\u00e9 a senten\u00e7a final. Ele passa \u00e0 condi\u00e7\u00e3o de denunciado. A chefia do poder executivo ser\u00e1 exercida interinamente pelo vice-governador Cl\u00e1udio Bonfim de Castro e Silva\u201d, afirmou o presidente do TJRJ, Cl\u00e1udio de Mello Tavares, ao fim da sess\u00e3o.<\/p>\n<p>&nbsp;<\/p>\n<p><strong>Fonte: G1<\/strong><\/p>\n<p>&nbsp;<\/p>\n","protected":false},"excerpt":{"rendered":"<p>O Tribunal Especial Misto decidiu, nesta quinta-feira (5), prosseguir com o processo de impeachment do governador afastado do RJ, Wilson Witzel (PSC). A sess\u00e3o durou aproximadamente quatro horas e a decis\u00e3o do prosseguimento do processo ocorreu por unanimidade. Por maioria (6 x4), tamb\u00e9m ficou decidido que Witzel dever\u00e1 deixar o Pal\u00e1cio Laranjeiras. O prazo \u00e9 &hellip;<\/p>\n","protected":false},"author":1,"featured_media":10538,"comment_status":"open","ping_status":"open","sticky":false,"template":"","format":"standard","meta":{"_jetpack_newsletter_access":"","_jetpack_dont_email_post_to_subs":false,"_jetpack_newsletter_tier_id":0,"_jetpack_memberships_contains_paywalled_content":false,"_jetpack_memberships_contains_paid_content":false,"footnotes":""},"categories":[1],"tags":[],"class_list":["post-10537","post","type-post","status-publish","format-standard","has-post-thumbnail","hentry","category-destaque"],"jetpack_sharing_enabled":true,"jetpack_featured_media_url":"","_links":{"self":[{"href":"https:\/\/www.oparanews.com.br\/index.php\/wp-json\/wp\/v2\/posts\/10537","targetHints":{"allow":["GET"]}}],"collection":[{"href":"https:\/\/www.oparanews.com.br\/index.php\/wp-json\/wp\/v2\/posts"}],"about":[{"href":"https:\/\/www.oparanews.com.br\/index.php\/wp-json\/wp\/v2\/types\/post"}],"author":[{"embeddable":true,"href":"https:\/\/www.oparanews.com.br\/index.php\/wp-json\/wp\/v2\/users\/1"}],"replies":[{"embeddable":true,"href":"https:\/\/www.oparanews.com.br\/index.php\/wp-json\/wp\/v2\/comments?post=10537"}],"version-history":[{"count":0,"href":"https:\/\/www.oparanews.com.br\/index.php\/wp-json\/wp\/v2\/posts\/10537\/revisions"}],"wp:attachment":[{"href":"https:\/\/www.oparanews.com.br\/index.php\/wp-json\/wp\/v2\/media?parent=10537"}],"wp:term":[{"taxonomy":"category","embeddable":true,"href":"https:\/\/www.oparanews.com.br\/index.php\/wp-json\/wp\/v2\/categories?post=10537"},{"taxonomy":"post_tag","embeddable":true,"href":"https:\/\/www.oparanews.com.br\/index.php\/wp-json\/wp\/v2\/tags?post=10537"}],"curies":[{"name":"wp","href":"https:\/\/api.w.org\/{rel}","templated":true}]}}