{"id":10540,"date":"2020-11-05T19:16:49","date_gmt":"2020-11-05T19:16:49","guid":{"rendered":"https:\/\/oparanews.com.br\/?p=10540"},"modified":"2020-11-05T19:16:49","modified_gmt":"2020-11-05T19:16:49","slug":"bolsonaro-prega-parceria-e-anuncia-r-15-mi-para-o-canal-do-sertao","status":"publish","type":"post","link":"https:\/\/www.oparanews.com.br\/index.php\/2020\/11\/05\/bolsonaro-prega-parceria-e-anuncia-r-15-mi-para-o-canal-do-sertao\/","title":{"rendered":"Em AL, Bolsonaro prega parceria e anuncia R$ 15 mi para o Canal do Sert\u00e3o"},"content":{"rendered":"<p>Sob os gritos de &#8216;mito&#8217;, o presidente Jair Bolsonaro (sem partido) inaugurou, na manh\u00e3 desta quinta-feira (5), a amplia\u00e7\u00e3o do sistema de abastecimento de \u00e1gua do munic\u00edpio de Piranhas, no Sert\u00e3o de Alagoas, e assinou a libera\u00e7\u00e3o de quase R$ 15 milh\u00f5es para sequ\u00eancia das obras do trecho IV do Canal do Sert\u00e3o.<\/p>\n<p>No discurso, o chefe da na\u00e7\u00e3o voltou a criticar a &#8216;turma que veste vermelho&#8217; e enalteceu o trabalho de parceria com o senador Fernando Collor (PROS) e com o deputado federal Arthur Lira (PP), que exerce a lideran\u00e7a do Centr\u00e3o.<\/p>\n<p>A solenidade foi acompanhada pelo senador Collor e por dois ministros, o do Desenvolvimento Regional, Rog\u00e9rio Marinho, e das Comunica\u00e7\u00f5es, F\u00e1bio Faria. Lira n\u00e3o pode estar presente por estar se recuperando da Covid-19.<\/p>\n<p>O Sistema de Abastecimento de \u00c1gua, que recebeu R$ 12 milh\u00f5es da Funasa, atender\u00e1 cerca de 10 mil pessoas da \u00e1rea rural do Distrito de Piau, por meio de capta\u00e7\u00e3o de \u00e1gua no Trecho III do Canal do Sert\u00e3o Alagoano, que j\u00e1 est\u00e1 em opera\u00e7\u00e3o.<\/p>\n<p>A comitiva tamb\u00e9m anunciou mais R$ 14,8 milh\u00f5es para garantir a continuidade das obras do Trecho IV do Canal do Sert\u00e3o Alagoano, hoje com 94,6% de execu\u00e7\u00e3o e com previs\u00e3o de conclus\u00e3o no primeiro trimestre de 2021. Com este repasse, o empreendimento j\u00e1 recebeu R$ 165 milh\u00f5es no Governo do presidente Jair Bolsonaro. O valor total de investimentos da Uni\u00e3o \u00e9 de R$ 817,6 milh\u00f5es.<\/p>\n<p>&#8220;\u00c9 para este povo que devo a lealdade absoluta. Agrade\u00e7o ao senador Fernando Collor por ter atendido ao convite de estar aqui. \u00c9 um homem que luta pelo interesse do Brasil, e em especial, pelo seu estado. Tamb\u00e9m est\u00e1 faltando uma pessoa aqui: o deputado Arthur Lira, que est\u00e1 com Covid. Ele faz mais do que uma articula\u00e7\u00e3o, mas \u00e9 uma pessoa sempre pronta para trabalhar pelo seu estado e pelo Brasil&#8221;, destacou o presidente.<\/p>\n<p>Ao lado de uma crian\u00e7a, Bolsonaro prometeu expandir a quantidade de escolas c\u00edvico-militares, sugerindo que os prefeitos apresentem o pedido ao Minist\u00e9rio da Educa\u00e7\u00e3o para que estas unidades sejam constru\u00eddas em todas as regi\u00f5es brasileiras.<\/p>\n<p>Ele tamb\u00e9m agradeceu pela forma calorosa como foi recebido pela popula\u00e7\u00e3o local e pol\u00edticos da regi\u00e3o. &#8220;N\u00e3o tem pre\u00e7o esta maneira como fui recebido e como temos sido recebidos em qualquer lugar do Brasil em que n\u00f3s estejamos. Vimos uma turma de verde amarelo numa quantidade muito superior \u00e0 turma de vermelho que tinha no passado&#8221;, alfinetou.<\/p>\n<p>Bolsonaro disse que, com a gest\u00e3o, est\u00e1 resgatando valores no Pa\u00eds. &#8220;Deus, P\u00e1tria e fam\u00edlia. Todos temos o dever de lutar por esta P\u00e1tria. O mundo est\u00e1 de olho em n\u00f3s e temos o que eles n\u00e3o t\u00eam. Acompanhamos a pol\u00edtica externa, mas para dizer que aquilo \u00e9 nosso tem que passar pela consci\u00eancia de cada um de n\u00f3s&#8221;. O presidente afirmou que deve a vida e o mandato a Deus. &#8220;Ele [Deus] sempre estar\u00e1 ao nosso lado para nos fazer decidir os destinos desta na\u00e7\u00e3o&#8221;.<\/p>\n<p>COLLOR AGRADECE PARCERIA E CARINHO COM ALAGOAS<\/p>\n<p>Com a palavra, o senador Collor lembrou que Bolsonaro era o segundo presidente do Brasil a pisar no solo do distrito de Piau, em Piranhas. O primeiro foi ele.<\/p>\n<p>&#8220;Estive aqui, quando fui eleito presidente, para pagamento de uma promessa de rezar uma missa. A celebra\u00e7\u00e3o foi feita por Dom Fernando I\u00f3rio. Aqui tamb\u00e9m demos in\u00edcio \u00e0 constru\u00e7\u00e3o da hidrel\u00e9trica de Xing\u00f3, com 15 mil empregos diretos e indiretos&#8221;, recordou.<\/p>\n<p>Collor agradeceu a parceria com a Presid\u00eancia da Rep\u00fablica e o an\u00fancio de verba para garantir a continuidade das obras do Canal do Sert\u00e3o.<\/p>\n<p>&#8220;Parabenizo o Governo Bolsonaro pelo esfor\u00e7o que vem realizando de combate \u00e0s desigualdades regionais. \u00c9 uma gest\u00e3o que vem se pautando por esta consci\u00eancia. Necessitamos de obras estruturantes que abram os olhos e a esperan\u00e7a do povo brasileiro. E, vindo a Alagoas, Bolsonaro demonstra o seu carinho e amor pelo Nordeste, colocando a nossa regi\u00e3o como prioridade. Tenho a certeza de que novas obras vir\u00e3o&#8221;.<\/p>\n<p>O senador alagoano ainda destacou que tem esperan\u00e7a de, ainda nesta gest\u00e3o, as obras do Canal do Sert\u00e3o serem conclu\u00eddas. Al\u00e9m disso, pediu que o presidente monte um plano para interligar as cidades brasileiras atrav\u00e9s da internet.<\/p>\n<p>J\u00e1 o ministro Rog\u00e9rio Marinho prometeu um esfor\u00e7o por parte do governo para manter as obras federais em andamento em Alagoas. At\u00e9 agora, segundo ele, foram mais de R$ 70 milh\u00f5es investidos no Estado para obras estruturantes.<\/p>\n<p>&#8220;Estamos entregando esta obra em Alagoas mesmo sabendo que foi iniciada em gest\u00e3o anterior. O compromisso do presidente Bolsonaro \u00e9 terminar as obras p\u00fablicas e prestar contas dos impostos pagos pelo contribuinte, cujo dinheiro est\u00e1 sendo revertido em melhoras para a pr\u00f3pria popula\u00e7\u00e3o. H\u00e1 quase dois anos de gest\u00e3o, este governo pode bater no peito para dizer que n\u00e3o h\u00e1 caso de corrup\u00e7\u00e3o&#8221;.<\/p>\n<p>&nbsp;<\/p>\n<p><strong>por Thiago Gomes e Clariza Santos\/Gazetaweb<\/strong><\/p>\n<p>&nbsp;<\/p>\n","protected":false},"excerpt":{"rendered":"<p>Sob os gritos de &#8216;mito&#8217;, o presidente Jair Bolsonaro (sem partido) inaugurou, na manh\u00e3 desta quinta-feira (5), a amplia\u00e7\u00e3o do sistema de abastecimento de \u00e1gua do munic\u00edpio de Piranhas, no Sert\u00e3o de Alagoas, e assinou a libera\u00e7\u00e3o de quase R$ 15 milh\u00f5es para sequ\u00eancia das obras do trecho IV do Canal do Sert\u00e3o. No discurso, &hellip;<\/p>\n","protected":false},"author":1,"featured_media":10541,"comment_status":"open","ping_status":"open","sticky":false,"template":"","format":"standard","meta":{"_jetpack_newsletter_access":"","_jetpack_dont_email_post_to_subs":false,"_jetpack_newsletter_tier_id":0,"_jetpack_memberships_contains_paywalled_content":false,"_jetpack_memberships_contains_paid_content":false,"footnotes":""},"categories":[1],"tags":[],"class_list":["post-10540","post","type-post","status-publish","format-standard","has-post-thumbnail","hentry","category-destaque"],"jetpack_sharing_enabled":true,"jetpack_featured_media_url":"","_links":{"self":[{"href":"https:\/\/www.oparanews.com.br\/index.php\/wp-json\/wp\/v2\/posts\/10540","targetHints":{"allow":["GET"]}}],"collection":[{"href":"https:\/\/www.oparanews.com.br\/index.php\/wp-json\/wp\/v2\/posts"}],"about":[{"href":"https:\/\/www.oparanews.com.br\/index.php\/wp-json\/wp\/v2\/types\/post"}],"author":[{"embeddable":true,"href":"https:\/\/www.oparanews.com.br\/index.php\/wp-json\/wp\/v2\/users\/1"}],"replies":[{"embeddable":true,"href":"https:\/\/www.oparanews.com.br\/index.php\/wp-json\/wp\/v2\/comments?post=10540"}],"version-history":[{"count":0,"href":"https:\/\/www.oparanews.com.br\/index.php\/wp-json\/wp\/v2\/posts\/10540\/revisions"}],"wp:attachment":[{"href":"https:\/\/www.oparanews.com.br\/index.php\/wp-json\/wp\/v2\/media?parent=10540"}],"wp:term":[{"taxonomy":"category","embeddable":true,"href":"https:\/\/www.oparanews.com.br\/index.php\/wp-json\/wp\/v2\/categories?post=10540"},{"taxonomy":"post_tag","embeddable":true,"href":"https:\/\/www.oparanews.com.br\/index.php\/wp-json\/wp\/v2\/tags?post=10540"}],"curies":[{"name":"wp","href":"https:\/\/api.w.org\/{rel}","templated":true}]}}