{"id":10547,"date":"2020-11-06T03:00:37","date_gmt":"2020-11-06T03:00:37","guid":{"rendered":"https:\/\/oparanews.com.br\/?p=10547"},"modified":"2020-11-06T03:00:37","modified_gmt":"2020-11-06T03:00:37","slug":"camara-municipal-de-penedo-aprova-doacao-de-terreno-para-paroquia-de-nossa-senhora-do-rosario","status":"publish","type":"post","link":"https:\/\/www.oparanews.com.br\/index.php\/2020\/11\/06\/camara-municipal-de-penedo-aprova-doacao-de-terreno-para-paroquia-de-nossa-senhora-do-rosario\/","title":{"rendered":"C\u00e2mara Municipal de Penedo aprova doa\u00e7\u00e3o de terreno para Par\u00f3quia de Nossa Senhora do Ros\u00e1rio"},"content":{"rendered":"<p><span style=\"font-weight: 400;\">A par\u00f3quia de Nossa Senhora do Ros\u00e1rio ganhou terreno para erguer uma igreja no Loteamento Vit\u00f3ria, situado no bairro Senhor do Bonfim. A boa not\u00edcia para a comunidade cat\u00f3lica crist\u00e3 penedense veio com a aprova\u00e7\u00e3o, nesta quinta-feira, 05, da doa\u00e7\u00e3o de \u00e1rea p\u00fablica para a referida par\u00f3quia, medida aprovada pelos vereadores.<\/span><\/p>\n<p><span style=\"font-weight: 400;\">Conforme previsto na legisla\u00e7\u00e3o municipal, a entidade beneficiada com a doa\u00e7\u00e3o de \u00e1rea que pertence ao patrim\u00f4nio p\u00fablico\/Prefeitura de Penedo tem at\u00e9 dois anos para iniciar a obra prevista no objeto do contrato.\u00a0<\/span><\/p>\n<p><span style=\"font-weight: 400;\">Tamb\u00e9m n\u00e3o \u00e9 permitido ao beneficiado utilizar o terreno para fim diferente ao que gerou a doa\u00e7\u00e3o que ser\u00e1 automaticamente revogada, caso o prazo de dois anos termine sem que nada tenha sido realizado no espa\u00e7o doado.<\/span><\/p>\n<p>&nbsp;<\/p>\n<p>Fonte: ASCOM \/ CMP<\/p>\n","protected":false},"excerpt":{"rendered":"<p>A par\u00f3quia de Nossa Senhora do Ros\u00e1rio ganhou terreno para erguer uma igreja no Loteamento Vit\u00f3ria, situado no bairro Senhor do Bonfim. A boa not\u00edcia para a comunidade cat\u00f3lica crist\u00e3 penedense veio com a aprova\u00e7\u00e3o, nesta quinta-feira, 05, da doa\u00e7\u00e3o de \u00e1rea p\u00fablica para a referida par\u00f3quia, medida aprovada pelos vereadores. Conforme previsto na legisla\u00e7\u00e3o &hellip;<\/p>\n","protected":false},"author":1,"featured_media":10548,"comment_status":"open","ping_status":"open","sticky":false,"template":"","format":"standard","meta":{"_jetpack_newsletter_access":"","_jetpack_dont_email_post_to_subs":false,"_jetpack_newsletter_tier_id":0,"_jetpack_memberships_contains_paywalled_content":false,"_jetpack_memberships_contains_paid_content":false,"footnotes":""},"categories":[1],"tags":[],"class_list":["post-10547","post","type-post","status-publish","format-standard","has-post-thumbnail","hentry","category-destaque"],"jetpack_sharing_enabled":true,"jetpack_featured_media_url":"","_links":{"self":[{"href":"https:\/\/www.oparanews.com.br\/index.php\/wp-json\/wp\/v2\/posts\/10547","targetHints":{"allow":["GET"]}}],"collection":[{"href":"https:\/\/www.oparanews.com.br\/index.php\/wp-json\/wp\/v2\/posts"}],"about":[{"href":"https:\/\/www.oparanews.com.br\/index.php\/wp-json\/wp\/v2\/types\/post"}],"author":[{"embeddable":true,"href":"https:\/\/www.oparanews.com.br\/index.php\/wp-json\/wp\/v2\/users\/1"}],"replies":[{"embeddable":true,"href":"https:\/\/www.oparanews.com.br\/index.php\/wp-json\/wp\/v2\/comments?post=10547"}],"version-history":[{"count":0,"href":"https:\/\/www.oparanews.com.br\/index.php\/wp-json\/wp\/v2\/posts\/10547\/revisions"}],"wp:attachment":[{"href":"https:\/\/www.oparanews.com.br\/index.php\/wp-json\/wp\/v2\/media?parent=10547"}],"wp:term":[{"taxonomy":"category","embeddable":true,"href":"https:\/\/www.oparanews.com.br\/index.php\/wp-json\/wp\/v2\/categories?post=10547"},{"taxonomy":"post_tag","embeddable":true,"href":"https:\/\/www.oparanews.com.br\/index.php\/wp-json\/wp\/v2\/tags?post=10547"}],"curies":[{"name":"wp","href":"https:\/\/api.w.org\/{rel}","templated":true}]}}