{"id":10559,"date":"2020-11-06T16:50:25","date_gmt":"2020-11-06T16:50:25","guid":{"rendered":"https:\/\/oparanews.com.br\/?p=10559"},"modified":"2020-11-06T16:50:25","modified_gmt":"2020-11-06T16:50:25","slug":"marcelo-cabo-confirma-as-chegadas-de-regis-e-wesley-ao-crb","status":"publish","type":"post","link":"https:\/\/www.oparanews.com.br\/index.php\/2020\/11\/06\/marcelo-cabo-confirma-as-chegadas-de-regis-e-wesley-ao-crb\/","title":{"rendered":"Marcelo Cabo confirma as chegadas de R\u00e9gis e Wesley ao CRB"},"content":{"rendered":"<p>O CRB ter\u00e1 caras novas para o restante do Brasileir\u00e3o. O t\u00e9cnico Marcelo Cabo confirmou que o Galo acertou as contrata\u00e7\u00f5es do volante Wesley, ex-S\u00e3o Paulo e Palmeiras, e do atacante R\u00e9gis, ex-Chapecoense, que deve chegar ainda hoje em Macei\u00f3.<\/p>\n<p>&#8220;O R\u00e9gis chega hoje (quinta-feira). O Wesley t\u00e1 certo com a gente tamb\u00e9m. N\u00e3o sei a data da chegada dele&#8221;, afirmou Cabo.<\/p>\n<p>Existe uma esperan\u00e7a de que os dois jogadores consigam ser regularizados em tempo h\u00e1bil para que possam estar em campo contra o Juventude, no domingo (8). Para isso, o nome dos atletas precisa aparecer no Boletim Informativo Di\u00e1rio (BID) at\u00e9 o fim da tarde desta sexta (6).<\/p>\n<p>R\u00e9gis tem 22 anos e atua pelos lados do campo. O atacante foi revelado pela Chapecoense, mas tamb\u00e9m teve uma passagem pelo Bahia em 2020. Neste ano, R\u00e9gis disputou 10 jogos e marcou apenas um gol.<\/p>\n<p>O volante Wesley tem 33 anos e come\u00e7ou sua carreira no Santos, em 2007. Ap\u00f3s sair do Peixe, o jogador rodou por v\u00e1rios times do Pa\u00eds, como Palmeiras, S\u00e3o Paulo, Athletico-PR e Ava\u00ed. Tamb\u00e9m atuou no futebol europeu, no Werder Bremen, da Alemanha.<\/p>\n<p>O CRB volta a campo na S\u00e9rie B no pr\u00f3ximo domingo (8), contra o Juventude, no Rei Pel\u00e9. O jogo ser\u00e1 \u00e0s 18h15. Ocupando a 10\u00aa posi\u00e7\u00e3o, o Galo tem 26 pontos e precisa vencer para n\u00e3o se afastar da briga pelo G-4.<\/p>\n<p>&nbsp;<\/p>\n<p><strong>Por Rafael Reis\/Gazetaweb<\/strong><\/p>\n<p>&nbsp;<\/p>\n","protected":false},"excerpt":{"rendered":"<p>O CRB ter\u00e1 caras novas para o restante do Brasileir\u00e3o. O t\u00e9cnico Marcelo Cabo confirmou que o Galo acertou as contrata\u00e7\u00f5es do volante Wesley, ex-S\u00e3o Paulo e Palmeiras, e do atacante R\u00e9gis, ex-Chapecoense, que deve chegar ainda hoje em Macei\u00f3. &#8220;O R\u00e9gis chega hoje (quinta-feira). O Wesley t\u00e1 certo com a gente tamb\u00e9m. N\u00e3o sei &hellip;<\/p>\n","protected":false},"author":1,"featured_media":10560,"comment_status":"open","ping_status":"open","sticky":false,"template":"","format":"standard","meta":{"_jetpack_newsletter_access":"","_jetpack_dont_email_post_to_subs":false,"_jetpack_newsletter_tier_id":0,"_jetpack_memberships_contains_paywalled_content":false,"_jetpack_memberships_contains_paid_content":false,"footnotes":""},"categories":[1],"tags":[],"class_list":["post-10559","post","type-post","status-publish","format-standard","has-post-thumbnail","hentry","category-destaque"],"jetpack_sharing_enabled":true,"jetpack_featured_media_url":"","_links":{"self":[{"href":"https:\/\/www.oparanews.com.br\/index.php\/wp-json\/wp\/v2\/posts\/10559","targetHints":{"allow":["GET"]}}],"collection":[{"href":"https:\/\/www.oparanews.com.br\/index.php\/wp-json\/wp\/v2\/posts"}],"about":[{"href":"https:\/\/www.oparanews.com.br\/index.php\/wp-json\/wp\/v2\/types\/post"}],"author":[{"embeddable":true,"href":"https:\/\/www.oparanews.com.br\/index.php\/wp-json\/wp\/v2\/users\/1"}],"replies":[{"embeddable":true,"href":"https:\/\/www.oparanews.com.br\/index.php\/wp-json\/wp\/v2\/comments?post=10559"}],"version-history":[{"count":0,"href":"https:\/\/www.oparanews.com.br\/index.php\/wp-json\/wp\/v2\/posts\/10559\/revisions"}],"wp:attachment":[{"href":"https:\/\/www.oparanews.com.br\/index.php\/wp-json\/wp\/v2\/media?parent=10559"}],"wp:term":[{"taxonomy":"category","embeddable":true,"href":"https:\/\/www.oparanews.com.br\/index.php\/wp-json\/wp\/v2\/categories?post=10559"},{"taxonomy":"post_tag","embeddable":true,"href":"https:\/\/www.oparanews.com.br\/index.php\/wp-json\/wp\/v2\/tags?post=10559"}],"curies":[{"name":"wp","href":"https:\/\/api.w.org\/{rel}","templated":true}]}}