{"id":10562,"date":"2020-11-06T16:53:09","date_gmt":"2020-11-06T16:53:09","guid":{"rendered":"https:\/\/oparanews.com.br\/?p=10562"},"modified":"2020-11-06T16:53:09","modified_gmt":"2020-11-06T16:53:09","slug":"tite-convoca-pedro-para-duelos-nas-eliminatorias","status":"publish","type":"post","link":"https:\/\/www.oparanews.com.br\/index.php\/2020\/11\/06\/tite-convoca-pedro-para-duelos-nas-eliminatorias\/","title":{"rendered":"Tite convoca Pedro para duelos nas eliminat\u00f3rias"},"content":{"rendered":"<p>O t\u00e9cnico Tite convocou o atacante Pedro, do Flamengo, para integrar o grupo da sele\u00e7\u00e3o brasileira para os duelos contra Venezuela e Uruguai, pelas eliminat\u00f3rias para a Copa do Mundo de 2022, nos dias 13 (Morumbi) e 17 de novembro (em Montevid\u00e9u).<\/p>\n<p>O jogador rubro-negro ser\u00e1 op\u00e7\u00e3o para Neymar, que sofreu les\u00e3o na semana passada e n\u00e3o deve ter condi\u00e7\u00f5es de jogo contra os venezuelanos. Entretanto, o astro do PSG n\u00e3o foi cortado, de olho no confronto contra os uruguaios.<\/p>\n<p>Ao lado de Bruno Henrique, Pedro j\u00e1 estava na lista de suplentes de Tite, enviada ao Flamengo no dia 18 de setembro. O que significa que o Flamengo deve liber\u00e1-lo de acordo com o regulamento da Fifa &#8211; que estabelece prazo de 15 dias de anteced\u00eancia da apresenta\u00e7\u00e3o para a convoca\u00e7\u00e3o. Depois desse prazo, as sele\u00e7\u00f5es precisam negociar a libera\u00e7\u00e3o com os clubes.<\/p>\n<p>Em comunicado, a CBF indicou que Pedro foi chamado para ocupar a vaga de Neymar no confronto contra a Venezuela, no dia 13 de novembro, em S\u00e3o Paulo. Mas o jogador do PSG foi mantido na lista porque, na avalia\u00e7\u00e3o do m\u00e9dico da Sele\u00e7\u00e3o, Rodrigo Lasmar, h\u00e1 expectativa de que o camisa 10 esteja apto a enfrentar o Uruguai, no dia 17.<\/p>\n<p>&#8211; Tenho contato frequente com o m\u00e9dico do PSG e sabemos das condi\u00e7\u00f5es f\u00edsicas do Neymar desde o dia de sua les\u00e3o na Champions. Acreditamos que com uma semana intensiva de tratamento e com a estrutura do Centro de Excel\u00eancia na Granja Comary temos a possibilidade de recupera\u00e7\u00e3o para o segundo jogo. Vamos acompanhar de perto sua evolu\u00e7\u00e3o &#8211; disse Lasmar ao site da CBF.<\/p>\n<p>Pedro ganha chance na sele\u00e7\u00e3o brasileira em meio \u00e0 grande fase que vem vivendo no Flamengo, aproveitando uma sequ\u00eancia como titular diante da aus\u00eancia de Gabigol. O atacante tem 20 gols marcados em 36 jogos na atual temporada, sendo 12 deles nos \u00faltimos 14 jogos. Ele \u00e9 o terceiro atleta rubro-negro convocado para os jogos da sele\u00e7\u00e3o brasileira em novembro, junto a Everton Ribeiro e Rodrigo Caio &#8211; que acabou cortado por les\u00e3o.<\/p>\n<p>Segundo a CBF, o t\u00e9cnico Tite, o coordenador da sele\u00e7\u00e3o brasileira, Juninho Paulista, e o preparador f\u00edsico F\u00e1bio Mahseredjian fizeram contato com o diretor esportivo do PSG, Leonardo, para entrar em acordo sobre a manuten\u00e7\u00e3o da convoca\u00e7\u00e3o de Neymar, apesar da les\u00e3o na coxa esquerda.<\/p>\n<p>&#8211; Entendemos que para essa situa\u00e7\u00e3o precis\u00e1vamos alinhar com o PSG a perman\u00eancia do Neymar na lista de convocados. Sabemos da preocupa\u00e7\u00e3o do clube com a les\u00e3o, mas manifestamos nossa inten\u00e7\u00e3o de avaliar de perto a evolu\u00e7\u00e3o do jogador. Confiamos muito em um trabalho integrado com nosso departamento m\u00e9dico e o Tite foi enf\u00e1tico em dizer para o Leonardo que jamais arriscaria a sa\u00fade de qualquer atleta por ele convocado &#8211; afirmou Juninho.<\/p>\n<p>Logo depois de Neymar sofrer a les\u00e3o no confronto contra o Istambul Basaksehir, na semana passada, o t\u00e9cnico Thomas Tuchel afirmou que o brasileiro s\u00f3 estaria dispon\u00edvel ap\u00f3s a Data Fifa e que seria imposs\u00edvel que o camisa 10 defendesse a sele\u00e7\u00e3o brasileira.<\/p>\n<p>&#8211; Para mim, \u00e9 imposs\u00edvel que ele jogue com o Brasil. Passaria uma mensagem ruim &#8211; disse Tuchel na ocasi\u00e3o.<\/p>\n<p>Veja a tabela das eliminat\u00f3rias da Am\u00e9rica do Sul<\/p>\n<p>A sele\u00e7\u00e3o brasileira enfrenta a Venezuela no dia 13, no Morumbi, em S\u00e3o Paulo, e quatro dias depois pega o Uruguai, em Montevid\u00e9u, pelas eliminat\u00f3rias da Am\u00e9rica do Sul para a Copa do Mundo de 2022. O time de Tite \u00e9 l\u00edder da competi\u00e7\u00e3o, com seis pontos, mesma pontua\u00e7\u00e3o da Argentina, que fica em segundo por desvantagem no saldo de gols (7 a 2).<\/p>\n<p>Confira a lista de convocados por Tite:<\/p>\n<p>Goleiros: Alisson (Liverpool), Ederson (Manchester City) e Weverton (Palmeiras);<br \/>\nLaterais: Danilo (Juventus), Gabriel Menino (Palmeiras), Alex Telles (Manchester United) e Renan Lodi (Atl\u00e9tico de Madrid);<br \/>\nZagueiros: Marquinhos (PSG), Thiago Silva (Chelsea), Diego Carlos (Sevilla) e Felipe (Atl\u00e9tico de Madrid);<br \/>\nMeio-campistas: Casemiro (Real Madrid), Douglas Luiz (Aston Villa), Arthur (Juventus), Everton Ribeiro (Flamengo), Allan (Everton) e Lucas Paquet\u00e1 (Lyon);<br \/>\nAtacantes: Everton Cebolinha (Benfica), Roberto Firmino (Liverpool), Gabriel Jesus (Manchester City), Neymar (PSG), Richarlison (Everton), Vini Junior (Real Madrid) e Pedro (Flamengo).<\/p>\n<p><em>*Jogadores cortados: Phillipe Coutinho, Fabinho, Rodrigo Caio e Eder Milit\u00e3o.<\/em><\/p>\n<p>&nbsp;<\/p>\n<p><strong>Fonte: GE<\/strong><\/p>\n<p>&nbsp;<\/p>\n","protected":false},"excerpt":{"rendered":"<p>O t\u00e9cnico Tite convocou o atacante Pedro, do Flamengo, para integrar o grupo da sele\u00e7\u00e3o brasileira para os duelos contra Venezuela e Uruguai, pelas eliminat\u00f3rias para a Copa do Mundo de 2022, nos dias 13 (Morumbi) e 17 de novembro (em Montevid\u00e9u). O jogador rubro-negro ser\u00e1 op\u00e7\u00e3o para Neymar, que sofreu les\u00e3o na semana passada &hellip;<\/p>\n","protected":false},"author":1,"featured_media":10563,"comment_status":"open","ping_status":"open","sticky":false,"template":"","format":"standard","meta":{"_jetpack_newsletter_access":"","_jetpack_dont_email_post_to_subs":false,"_jetpack_newsletter_tier_id":0,"_jetpack_memberships_contains_paywalled_content":false,"_jetpack_memberships_contains_paid_content":false,"footnotes":""},"categories":[1],"tags":[],"class_list":["post-10562","post","type-post","status-publish","format-standard","has-post-thumbnail","hentry","category-destaque"],"jetpack_sharing_enabled":true,"jetpack_featured_media_url":"","_links":{"self":[{"href":"https:\/\/www.oparanews.com.br\/index.php\/wp-json\/wp\/v2\/posts\/10562","targetHints":{"allow":["GET"]}}],"collection":[{"href":"https:\/\/www.oparanews.com.br\/index.php\/wp-json\/wp\/v2\/posts"}],"about":[{"href":"https:\/\/www.oparanews.com.br\/index.php\/wp-json\/wp\/v2\/types\/post"}],"author":[{"embeddable":true,"href":"https:\/\/www.oparanews.com.br\/index.php\/wp-json\/wp\/v2\/users\/1"}],"replies":[{"embeddable":true,"href":"https:\/\/www.oparanews.com.br\/index.php\/wp-json\/wp\/v2\/comments?post=10562"}],"version-history":[{"count":0,"href":"https:\/\/www.oparanews.com.br\/index.php\/wp-json\/wp\/v2\/posts\/10562\/revisions"}],"wp:attachment":[{"href":"https:\/\/www.oparanews.com.br\/index.php\/wp-json\/wp\/v2\/media?parent=10562"}],"wp:term":[{"taxonomy":"category","embeddable":true,"href":"https:\/\/www.oparanews.com.br\/index.php\/wp-json\/wp\/v2\/categories?post=10562"},{"taxonomy":"post_tag","embeddable":true,"href":"https:\/\/www.oparanews.com.br\/index.php\/wp-json\/wp\/v2\/tags?post=10562"}],"curies":[{"name":"wp","href":"https:\/\/api.w.org\/{rel}","templated":true}]}}