{"id":10571,"date":"2020-11-06T17:00:25","date_gmt":"2020-11-06T17:00:25","guid":{"rendered":"https:\/\/oparanews.com.br\/?p=10571"},"modified":"2020-11-06T17:00:25","modified_gmt":"2020-11-06T17:00:25","slug":"desmatamento-na-amazonia-elevou-emissoes-de-carbono-do-brasil","status":"publish","type":"post","link":"https:\/\/www.oparanews.com.br\/index.php\/2020\/11\/06\/desmatamento-na-amazonia-elevou-emissoes-de-carbono-do-brasil\/","title":{"rendered":"Desmatamento na Amaz\u00f4nia elevou emiss\u00f5es de carbono do Brasil"},"content":{"rendered":"<p>As emiss\u00f5es de carbono do Brasil subiram 9,6% em 2019, devido principalmente ao desmatamento maior na Amaz\u00f4nia durante o primeiro ano de governo do presidente Jair Bolsonaro, informou um relat\u00f3rio publicado nesta sexta-feira.<\/p>\n<p>Os dados indicam que o Brasil n\u00e3o cumprir\u00e1 suas metas de emiss\u00e3o de carbono deste ano e que est\u00e1 se afastando da meta de 2025.<\/p>\n<p>O Brasil emitiu 2,175 bilh\u00f5es de toneladas de equivalente a di\u00f3xido de carbono (CO2e) em 2019, de acordo com o Sistema de Estimativas de Emiss\u00f5es de Gases de Efeito Estufa (Seeg), respons\u00e1vel pelo estudo mais abrangente sobre o t\u00f3pico no pa\u00eds.<\/p>\n<p>Em 2018, as emiss\u00f5es de CO2 haviam chegado a 1,8 bilh\u00e3o de toneladas, 0,3% mais do que em 2017.<\/p>\n<p>O Brasil conseguiu diminuir as emiss\u00f5es entre 2004 e 2012, mas os novos dados confirmam que esta tend\u00eancia foi revertida, apesar das metas volunt\u00e1rias acertadas antes da c\u00fapula clim\u00e1tica de 2009 em Copenhague. Estas metas foram inscritas na lei brasileira e se tornaram obrigat\u00f3rias para o governo.<\/p>\n<p>&#8220;Estamos numa contram\u00e3o perigosa&#8221;, disse Tasso Azevedo, especialista clim\u00e1tico que coordena o estudo do Seeg.<\/p>\n<p>&#8220;Desde 2010, ano de regulamenta\u00e7\u00e3o da lei nacional de clima, o pa\u00eds elevou em 28% a quantidade de gases de efeito estufa que despeja no ar todos os anos, em vez de reduzi-la&#8221;, alertou.<\/p>\n<p>O crescimento das emiss\u00f5es em 2019 foi impulsionado pelo desmatamento em disparada na Amaz\u00f4nia, que representou 44% das emiss\u00f5es totais de CO2e do pa\u00eds, disse o estudo.<\/p>\n<p>&nbsp;<\/p>\n<p><strong>Fonte: Terra<\/strong><\/p>\n<p>&nbsp;<\/p>\n","protected":false},"excerpt":{"rendered":"<p>As emiss\u00f5es de carbono do Brasil subiram 9,6% em 2019, devido principalmente ao desmatamento maior na Amaz\u00f4nia durante o primeiro ano de governo do presidente Jair Bolsonaro, informou um relat\u00f3rio publicado nesta sexta-feira. Os dados indicam que o Brasil n\u00e3o cumprir\u00e1 suas metas de emiss\u00e3o de carbono deste ano e que est\u00e1 se afastando da &hellip;<\/p>\n","protected":false},"author":1,"featured_media":10572,"comment_status":"open","ping_status":"open","sticky":false,"template":"","format":"standard","meta":{"_jetpack_newsletter_access":"","_jetpack_dont_email_post_to_subs":false,"_jetpack_newsletter_tier_id":0,"_jetpack_memberships_contains_paywalled_content":false,"_jetpack_memberships_contains_paid_content":false,"footnotes":""},"categories":[1],"tags":[],"class_list":["post-10571","post","type-post","status-publish","format-standard","has-post-thumbnail","hentry","category-destaque"],"jetpack_sharing_enabled":true,"jetpack_featured_media_url":"","_links":{"self":[{"href":"https:\/\/www.oparanews.com.br\/index.php\/wp-json\/wp\/v2\/posts\/10571","targetHints":{"allow":["GET"]}}],"collection":[{"href":"https:\/\/www.oparanews.com.br\/index.php\/wp-json\/wp\/v2\/posts"}],"about":[{"href":"https:\/\/www.oparanews.com.br\/index.php\/wp-json\/wp\/v2\/types\/post"}],"author":[{"embeddable":true,"href":"https:\/\/www.oparanews.com.br\/index.php\/wp-json\/wp\/v2\/users\/1"}],"replies":[{"embeddable":true,"href":"https:\/\/www.oparanews.com.br\/index.php\/wp-json\/wp\/v2\/comments?post=10571"}],"version-history":[{"count":0,"href":"https:\/\/www.oparanews.com.br\/index.php\/wp-json\/wp\/v2\/posts\/10571\/revisions"}],"wp:attachment":[{"href":"https:\/\/www.oparanews.com.br\/index.php\/wp-json\/wp\/v2\/media?parent=10571"}],"wp:term":[{"taxonomy":"category","embeddable":true,"href":"https:\/\/www.oparanews.com.br\/index.php\/wp-json\/wp\/v2\/categories?post=10571"},{"taxonomy":"post_tag","embeddable":true,"href":"https:\/\/www.oparanews.com.br\/index.php\/wp-json\/wp\/v2\/tags?post=10571"}],"curies":[{"name":"wp","href":"https:\/\/api.w.org\/{rel}","templated":true}]}}