{"id":10574,"date":"2020-11-06T17:03:17","date_gmt":"2020-11-06T17:03:17","guid":{"rendered":"https:\/\/oparanews.com.br\/?p=10574"},"modified":"2020-11-06T17:03:17","modified_gmt":"2020-11-06T17:03:17","slug":"boletim-epidemiologico-covid-19-informa-20o-obito-em-penedo","status":"publish","type":"post","link":"https:\/\/www.oparanews.com.br\/index.php\/2020\/11\/06\/boletim-epidemiologico-covid-19-informa-20o-obito-em-penedo\/","title":{"rendered":"Boletim Epidemiol\u00f3gico Covid-19 informa 20\u00ba \u00f3bito em Penedo"},"content":{"rendered":"<p>O Boletim Epidemiol\u00f3gico Covid-19 divulgado pela Secretaria Municipal de Sa\u00fade de Penedo dessa quinta-feira (5), informa mais duas v\u00edtimas fatais da doen\u00e7a, ambas residentes no centro do munic\u00edpio. Totalizando agora 20 \u00f3bitos por Covid-19 no munic\u00edpio.<\/p>\n<p>Os dados presentes no boletim tamb\u00e9m mostram que 1575 pessoas foram infectadas na cidade desde o inicio da pandemia. Desse total, 1527 j\u00e1 est\u00e3o curadas da doen\u00e7a, ap\u00f3s passarem pelo per\u00edodo de recupera\u00e7\u00e3o.<\/p>\n<p>O boletim epidemiol\u00f3gico atualizado tamb\u00e9m mostra que 42 pessoas est\u00e3o sendo monitoradas, dois casos s\u00e3o considerados suspeitos e 1427casos foram descartados.<\/p>\n<p><strong>Localidades<\/strong><\/p>\n<p>Os n\u00fameros de casos por localidade, apontam que a maior quantidade de casos continua localizada no Bairro Dom Constantino com 485, seguindo pelo Bairro Santa Luzia com 264 e o Centro da cidade com 231<\/p>\n<p>Na zona rural a Cooperativa, \u00e1rea que inclui os dois n\u00facleos do povoado \u00e9 a localidade com maior numero de infectados com 49, estando em seguida o Povoado Tabuleiro dos Negros com 47 casos.<\/p>\n<p>A Prefeitura de Penedo informa tamb\u00e9m que a Unidade de S\u00edndromes Gripais localizada na Avenida Wanderlei, nas proximidades do trevo da \u201cToca do \u00cdndio\u201d, est\u00e1 funcionando de Segunda a Sexta-feira das 8h \u00e0s 17h. Devendo a popula\u00e7\u00e3o procurar o centro especializado ao sentirem os primeiros sintomas de Covid-19.<\/p>\n<p>Os n\u00fameros de casos por localidade seguem a seguinte rela\u00e7\u00e3o:<\/p>\n<p><a href=\"https:\/\/oparanews.com.br\/wp-content\/uploads\/2020\/11\/Sem-t\u00edtulo-44.jpg\"><img loading=\"lazy\" decoding=\"async\" class=\"aligncenter size-full wp-image-10576\" src=\"https:\/\/oparanews.com.br\/wp-content\/uploads\/2020\/11\/Sem-t\u00edtulo-44.jpg\" alt=\"\" width=\"931\" height=\"1024\" \/><\/a><\/p>\n<p><strong>Fonte: Decom &#8211; PMP<\/strong><\/p>\n<p>&nbsp;<\/p>\n","protected":false},"excerpt":{"rendered":"<p>O Boletim Epidemiol\u00f3gico Covid-19 divulgado pela Secretaria Municipal de Sa\u00fade de Penedo dessa quinta-feira (5), informa mais duas v\u00edtimas fatais da doen\u00e7a, ambas residentes no centro do munic\u00edpio. Totalizando agora 20 \u00f3bitos por Covid-19 no munic\u00edpio. Os dados presentes no boletim tamb\u00e9m mostram que 1575 pessoas foram infectadas na cidade desde o inicio da pandemia. &hellip;<\/p>\n","protected":false},"author":1,"featured_media":10575,"comment_status":"open","ping_status":"open","sticky":false,"template":"","format":"standard","meta":{"_jetpack_newsletter_access":"","_jetpack_dont_email_post_to_subs":false,"_jetpack_newsletter_tier_id":0,"_jetpack_memberships_contains_paywalled_content":false,"_jetpack_memberships_contains_paid_content":false,"footnotes":""},"categories":[1],"tags":[],"class_list":["post-10574","post","type-post","status-publish","format-standard","has-post-thumbnail","hentry","category-destaque"],"jetpack_sharing_enabled":true,"jetpack_featured_media_url":"","_links":{"self":[{"href":"https:\/\/www.oparanews.com.br\/index.php\/wp-json\/wp\/v2\/posts\/10574","targetHints":{"allow":["GET"]}}],"collection":[{"href":"https:\/\/www.oparanews.com.br\/index.php\/wp-json\/wp\/v2\/posts"}],"about":[{"href":"https:\/\/www.oparanews.com.br\/index.php\/wp-json\/wp\/v2\/types\/post"}],"author":[{"embeddable":true,"href":"https:\/\/www.oparanews.com.br\/index.php\/wp-json\/wp\/v2\/users\/1"}],"replies":[{"embeddable":true,"href":"https:\/\/www.oparanews.com.br\/index.php\/wp-json\/wp\/v2\/comments?post=10574"}],"version-history":[{"count":0,"href":"https:\/\/www.oparanews.com.br\/index.php\/wp-json\/wp\/v2\/posts\/10574\/revisions"}],"wp:attachment":[{"href":"https:\/\/www.oparanews.com.br\/index.php\/wp-json\/wp\/v2\/media?parent=10574"}],"wp:term":[{"taxonomy":"category","embeddable":true,"href":"https:\/\/www.oparanews.com.br\/index.php\/wp-json\/wp\/v2\/categories?post=10574"},{"taxonomy":"post_tag","embeddable":true,"href":"https:\/\/www.oparanews.com.br\/index.php\/wp-json\/wp\/v2\/tags?post=10574"}],"curies":[{"name":"wp","href":"https:\/\/api.w.org\/{rel}","templated":true}]}}