{"id":10578,"date":"2020-11-07T01:53:27","date_gmt":"2020-11-07T01:53:27","guid":{"rendered":"https:\/\/oparanews.com.br\/?p=10578"},"modified":"2020-11-07T01:53:27","modified_gmt":"2020-11-07T01:53:27","slug":"alagoas-confirma-137-novos-casos-e-mais-quatro-mortes-por-covid-19","status":"publish","type":"post","link":"https:\/\/www.oparanews.com.br\/index.php\/2020\/11\/07\/alagoas-confirma-137-novos-casos-e-mais-quatro-mortes-por-covid-19\/","title":{"rendered":"Alagoas confirma 137 novos casos e mais quatro mortes por Covid-19"},"content":{"rendered":"<p>Alagoas registrou 91.407 casos e 2.262 \u00f3bitos por Covid-19 desde o in\u00edcio da pandemia. Nas \u00faltimas 24 horas, foram 137 novos casos e mais quatro mortes, segundo o boletim epidemiol\u00f3gico da Secretaria de Estado da Sa\u00fade (Sesau) desta sexta-feira (6).<\/p>\n<p>H\u00e1 1.883 casos suspeitos. E o total de pessoas recuperadas da Covid-19 chegou a 88.408.<\/p>\n<p>Uma das quatro mortes confirmadas nesta sexta foi de uma mulher de 30 anos, moradora da cidade de Campo Grande, que n\u00e3o tinha doen\u00e7as al\u00e9m da Covid-19.<\/p>\n<p>At\u00e9 a noite de quinta (5), a taxa de ocupa\u00e7\u00e3o de leitos exclusivos para Covid-19 estava em 17%. Considerando apenas os leitos de UTI, o percentual era de 31%.<\/p>\n<p><strong>Mais quatro mortes por Covid-19<\/strong><\/p>\n<p>Macei\u00f3: Mulher, 61 anos \u2013 c\u00e2ncer de pulm\u00e3o<br \/>\nJunqueiro: Mulher, 57 anos \u2013 diab\u00e9tica e doen\u00e7a cardiovascular<br \/>\nCampo Grande: Mulher, 30 anos \u2013 sem comorbidades<br \/>\nArapiraca: Homem, 84 anos \u2013 hipertenso<\/p>\n<p>&nbsp;<\/p>\n<p><strong>Fonte: G1\/AL<\/strong><\/p>\n<p>&nbsp;<\/p>\n","protected":false},"excerpt":{"rendered":"<p>Alagoas registrou 91.407 casos e 2.262 \u00f3bitos por Covid-19 desde o in\u00edcio da pandemia. Nas \u00faltimas 24 horas, foram 137 novos casos e mais quatro mortes, segundo o boletim epidemiol\u00f3gico da Secretaria de Estado da Sa\u00fade (Sesau) desta sexta-feira (6). H\u00e1 1.883 casos suspeitos. E o total de pessoas recuperadas da Covid-19 chegou a 88.408. &hellip;<\/p>\n","protected":false},"author":1,"featured_media":6921,"comment_status":"open","ping_status":"open","sticky":false,"template":"","format":"standard","meta":{"_jetpack_newsletter_access":"","_jetpack_dont_email_post_to_subs":false,"_jetpack_newsletter_tier_id":0,"_jetpack_memberships_contains_paywalled_content":false,"_jetpack_memberships_contains_paid_content":false,"footnotes":""},"categories":[1],"tags":[],"class_list":["post-10578","post","type-post","status-publish","format-standard","has-post-thumbnail","hentry","category-destaque"],"jetpack_sharing_enabled":true,"jetpack_featured_media_url":"","_links":{"self":[{"href":"https:\/\/www.oparanews.com.br\/index.php\/wp-json\/wp\/v2\/posts\/10578","targetHints":{"allow":["GET"]}}],"collection":[{"href":"https:\/\/www.oparanews.com.br\/index.php\/wp-json\/wp\/v2\/posts"}],"about":[{"href":"https:\/\/www.oparanews.com.br\/index.php\/wp-json\/wp\/v2\/types\/post"}],"author":[{"embeddable":true,"href":"https:\/\/www.oparanews.com.br\/index.php\/wp-json\/wp\/v2\/users\/1"}],"replies":[{"embeddable":true,"href":"https:\/\/www.oparanews.com.br\/index.php\/wp-json\/wp\/v2\/comments?post=10578"}],"version-history":[{"count":0,"href":"https:\/\/www.oparanews.com.br\/index.php\/wp-json\/wp\/v2\/posts\/10578\/revisions"}],"wp:attachment":[{"href":"https:\/\/www.oparanews.com.br\/index.php\/wp-json\/wp\/v2\/media?parent=10578"}],"wp:term":[{"taxonomy":"category","embeddable":true,"href":"https:\/\/www.oparanews.com.br\/index.php\/wp-json\/wp\/v2\/categories?post=10578"},{"taxonomy":"post_tag","embeddable":true,"href":"https:\/\/www.oparanews.com.br\/index.php\/wp-json\/wp\/v2\/tags?post=10578"}],"curies":[{"name":"wp","href":"https:\/\/api.w.org\/{rel}","templated":true}]}}