{"id":10582,"date":"2020-11-07T21:57:34","date_gmt":"2020-11-07T21:57:34","guid":{"rendered":"https:\/\/oparanews.com.br\/?p=10582"},"modified":"2020-11-07T21:57:34","modified_gmt":"2020-11-07T21:57:34","slug":"motorista-de-carreta-fica-ferido-apos-tombamento-na-al-420","status":"publish","type":"post","link":"https:\/\/www.oparanews.com.br\/index.php\/2020\/11\/07\/motorista-de-carreta-fica-ferido-apos-tombamento-na-al-420\/","title":{"rendered":"Motorista de carreta fica ferido ap\u00f3s tombamento na AL-420"},"content":{"rendered":"<p>Um motorista de uma carreta ficou ferido ap\u00f3s um tombamento na AL-420, em S\u00e3o Miguel dos Campos. O acidente aconteceu na noite desta sexta-feira (6). Ele foi levado para UPA do munic\u00edpio para receber atendimento m\u00e9dico.<\/p>\n<p>De acordo com o Batalh\u00e3o de Pol\u00edcia Rodovi\u00e1rio (BPRv), o motorista estava viajando no sentido Roteiro-S\u00e3o Miguel dos Campos quando perdeu o controle da carreta ao frear de forma brusca antes de uma curva.<\/p>\n<p>O motorista transportava produtos para abastecer supermercados. Toda a carga foi arremessada para o lado de fora, o que deixou o tr\u00e2nsito bastante lento. O Corpo de Bombeiros foi acionado para fazer a limpeza da rodovia.<\/p>\n<p>&nbsp;<\/p>\n<p><strong>Fonte: G1\/AL<\/strong><\/p>\n<p>&nbsp;<\/p>\n","protected":false},"excerpt":{"rendered":"<p>Um motorista de uma carreta ficou ferido ap\u00f3s um tombamento na AL-420, em S\u00e3o Miguel dos Campos. O acidente aconteceu na noite desta sexta-feira (6). Ele foi levado para UPA do munic\u00edpio para receber atendimento m\u00e9dico. De acordo com o Batalh\u00e3o de Pol\u00edcia Rodovi\u00e1rio (BPRv), o motorista estava viajando no sentido Roteiro-S\u00e3o Miguel dos Campos &hellip;<\/p>\n","protected":false},"author":1,"featured_media":10583,"comment_status":"open","ping_status":"open","sticky":false,"template":"","format":"standard","meta":{"_jetpack_newsletter_access":"","_jetpack_dont_email_post_to_subs":false,"_jetpack_newsletter_tier_id":0,"_jetpack_memberships_contains_paywalled_content":false,"_jetpack_memberships_contains_paid_content":false,"footnotes":""},"categories":[1],"tags":[],"class_list":["post-10582","post","type-post","status-publish","format-standard","has-post-thumbnail","hentry","category-destaque"],"jetpack_sharing_enabled":true,"jetpack_featured_media_url":"","_links":{"self":[{"href":"https:\/\/www.oparanews.com.br\/index.php\/wp-json\/wp\/v2\/posts\/10582","targetHints":{"allow":["GET"]}}],"collection":[{"href":"https:\/\/www.oparanews.com.br\/index.php\/wp-json\/wp\/v2\/posts"}],"about":[{"href":"https:\/\/www.oparanews.com.br\/index.php\/wp-json\/wp\/v2\/types\/post"}],"author":[{"embeddable":true,"href":"https:\/\/www.oparanews.com.br\/index.php\/wp-json\/wp\/v2\/users\/1"}],"replies":[{"embeddable":true,"href":"https:\/\/www.oparanews.com.br\/index.php\/wp-json\/wp\/v2\/comments?post=10582"}],"version-history":[{"count":0,"href":"https:\/\/www.oparanews.com.br\/index.php\/wp-json\/wp\/v2\/posts\/10582\/revisions"}],"wp:attachment":[{"href":"https:\/\/www.oparanews.com.br\/index.php\/wp-json\/wp\/v2\/media?parent=10582"}],"wp:term":[{"taxonomy":"category","embeddable":true,"href":"https:\/\/www.oparanews.com.br\/index.php\/wp-json\/wp\/v2\/categories?post=10582"},{"taxonomy":"post_tag","embeddable":true,"href":"https:\/\/www.oparanews.com.br\/index.php\/wp-json\/wp\/v2\/tags?post=10582"}],"curies":[{"name":"wp","href":"https:\/\/api.w.org\/{rel}","templated":true}]}}