{"id":10591,"date":"2020-11-07T22:12:02","date_gmt":"2020-11-07T22:12:02","guid":{"rendered":"https:\/\/oparanews.com.br\/?p=10591"},"modified":"2020-11-07T22:12:02","modified_gmt":"2020-11-07T22:12:02","slug":"bruno-guimaraes-e-convocado-a-selecao-no-lugar-de-casemiro","status":"publish","type":"post","link":"https:\/\/www.oparanews.com.br\/index.php\/2020\/11\/07\/bruno-guimaraes-e-convocado-a-selecao-no-lugar-de-casemiro\/","title":{"rendered":"Bruno Guimar\u00e3es \u00e9 convocado \u00e0 Sele\u00e7\u00e3o no lugar de Casemiro"},"content":{"rendered":"<p>O volante Bruno Guimar\u00e3es, do Lyon, foi convocado na tarde deste s\u00e1bado pelo t\u00e9cnico Tite para os jogos da sele\u00e7\u00e3o brasileira contra Venezuela e Uruguai, nos dias 13 e 17 deste m\u00eas. Ele substituir\u00e1 Casemiro, cortado por testar positivo para Covid-19.<\/p>\n<p>Esta foi a quinta baixa na Sele\u00e7\u00e3o para essas duas partidas, v\u00e1lidas pela terceira e quarta rodadas das Eliminat\u00f3rias para a Copa do Mundo de 2022. Os jogos acontecem no Morumbi e no Est\u00e1dio Centen\u00e1rio de Montevid\u00e9u, respectivamente.<\/p>\n<p>Antes, Tite j\u00e1 havia perdido o meia Philippe Coutinho, o volante Fabinho e os zagueiros Rodrigo Caio e \u00c9der Milit\u00e3o.<\/p>\n<p>Para os lugares deles foram convocados Lucas Paquet\u00e1, Felipe, Diego Carlos e Allan.<\/p>\n<p>Al\u00e9m destes problemas, o t\u00e9cnico Tite j\u00e1 sabe que n\u00e3o poder\u00e1 contar com o atacante Neymar para o primeiro jogo, contra o Uruguai. O jogador do Paris Saint-Germain faz tratamento para uma les\u00e3o no m\u00fasculo adutor da perna esquerda.<\/p>\n<p>Por conta disso, o atacante Pedro, do Flamengo, foi convocado.<\/p>\n<p>J\u00e1 o lateral-esquerdo Alex Telles se recuperou da Covid-19 e est\u00e1 liberado para defender a Sele\u00e7\u00e3o.<\/p>\n<p>A sele\u00e7\u00e3o brasileira masculina de futebol lidera as Eliminat\u00f3rias com duas vit\u00f3rias em dois jogos &#8211; 5 a 0 sobre a Bol\u00edvia e 4 a 2 diante do Peru.<\/p>\n<p>&nbsp;<\/p>\n<p><strong>Fonte: GE<\/strong><\/p>\n<p>&nbsp;<\/p>\n","protected":false},"excerpt":{"rendered":"<p>O volante Bruno Guimar\u00e3es, do Lyon, foi convocado na tarde deste s\u00e1bado pelo t\u00e9cnico Tite para os jogos da sele\u00e7\u00e3o brasileira contra Venezuela e Uruguai, nos dias 13 e 17 deste m\u00eas. Ele substituir\u00e1 Casemiro, cortado por testar positivo para Covid-19. Esta foi a quinta baixa na Sele\u00e7\u00e3o para essas duas partidas, v\u00e1lidas pela terceira &hellip;<\/p>\n","protected":false},"author":1,"featured_media":10592,"comment_status":"open","ping_status":"open","sticky":false,"template":"","format":"standard","meta":{"_jetpack_newsletter_access":"","_jetpack_dont_email_post_to_subs":false,"_jetpack_newsletter_tier_id":0,"_jetpack_memberships_contains_paywalled_content":false,"_jetpack_memberships_contains_paid_content":false,"footnotes":""},"categories":[1],"tags":[],"class_list":["post-10591","post","type-post","status-publish","format-standard","has-post-thumbnail","hentry","category-destaque"],"jetpack_sharing_enabled":true,"jetpack_featured_media_url":"","_links":{"self":[{"href":"https:\/\/www.oparanews.com.br\/index.php\/wp-json\/wp\/v2\/posts\/10591","targetHints":{"allow":["GET"]}}],"collection":[{"href":"https:\/\/www.oparanews.com.br\/index.php\/wp-json\/wp\/v2\/posts"}],"about":[{"href":"https:\/\/www.oparanews.com.br\/index.php\/wp-json\/wp\/v2\/types\/post"}],"author":[{"embeddable":true,"href":"https:\/\/www.oparanews.com.br\/index.php\/wp-json\/wp\/v2\/users\/1"}],"replies":[{"embeddable":true,"href":"https:\/\/www.oparanews.com.br\/index.php\/wp-json\/wp\/v2\/comments?post=10591"}],"version-history":[{"count":0,"href":"https:\/\/www.oparanews.com.br\/index.php\/wp-json\/wp\/v2\/posts\/10591\/revisions"}],"wp:attachment":[{"href":"https:\/\/www.oparanews.com.br\/index.php\/wp-json\/wp\/v2\/media?parent=10591"}],"wp:term":[{"taxonomy":"category","embeddable":true,"href":"https:\/\/www.oparanews.com.br\/index.php\/wp-json\/wp\/v2\/categories?post=10591"},{"taxonomy":"post_tag","embeddable":true,"href":"https:\/\/www.oparanews.com.br\/index.php\/wp-json\/wp\/v2\/tags?post=10591"}],"curies":[{"name":"wp","href":"https:\/\/api.w.org\/{rel}","templated":true}]}}