{"id":10594,"date":"2020-11-07T22:15:04","date_gmt":"2020-11-07T22:15:04","guid":{"rendered":"https:\/\/oparanews.com.br\/?p=10594"},"modified":"2020-11-07T22:15:04","modified_gmt":"2020-11-07T22:15:04","slug":"amapa-apos-cinco-dias-de-apagao-energia-comeca-a-voltar","status":"publish","type":"post","link":"https:\/\/www.oparanews.com.br\/index.php\/2020\/11\/07\/amapa-apos-cinco-dias-de-apagao-energia-comeca-a-voltar\/","title":{"rendered":"Amap\u00e1: Ap\u00f3s cinco dias de apag\u00e3o energia come\u00e7a a voltar"},"content":{"rendered":"<p>O Amap\u00e1 chegou ao 5\u00ba dia de apag\u00e3o energ\u00e9tico. Durante a madrugada e a manh\u00e3 deste s\u00e1bado (7), o fornecimento de energia foi retomado na maior parte dos bairros da capital e em algumas \u00e1reas de Santana, na Regi\u00e3o Metropolitana de Macap\u00e1.<\/p>\n<p>O Minist\u00e9rio de Minas e Energia informou que conseguiu conectar a rede do Amap\u00e1 ao Sistema Interligado Nacional (SIN). J\u00e1 a Companhia de Eletricidade do Amap\u00e1 (CEA) anunciou que vai ter rod\u00edzio de energia para atender os habitantes.<\/p>\n<p>Quase 90% da popula\u00e7\u00e3o do Amap\u00e1 \u2013 cerca de 765 mil pessoas \u2013 ficou sem energia el\u00e9trica na ter\u00e7a-feira (3). Um inc\u00eandio atingiu a principal subesta\u00e7\u00e3o do estado, que alimenta 13 das 16 cidades amapaenses. Com a falta de eletricidade, houve problemas no fornecimento de \u00e1gua pot\u00e1vel e ainda falhas nas telecomunica\u00e7\u00f5es, al\u00e9m de filas nos postos de combust\u00edveis e preju\u00edzos ao com\u00e9rcio.<\/p>\n<p>Apesar do retorno do servi\u00e7o na maior parte das regi\u00f5es da capital, na Zona Oeste a energia ainda n\u00e3o havia voltado no in\u00edcio da manh\u00e3. No Conjunto Macapaba, na Zona Norte, chegou eletricidade, mas o fornecimento foi suspenso novamente. Tamb\u00e9m em Santana, os moradores afirmaram que estavam sem energia.<\/p>\n<p>O Minist\u00e9rio de Minas e Energia (MME), que lidera os servi\u00e7os de retomada da energia no estado, previa ter fornecimento para at\u00e9 70% do estado nesta madrugada. Na sexta-feira (6), um avi\u00e3o da For\u00e7a A\u00e9rea Brasileira (FAB) chegou com equipamentos para ajudar nesse retorno.<\/p>\n<p>Em nota na manh\u00e3 deste s\u00e1bado, o MME informou que concluiu os reparos em um dos transformadores da Subesta\u00e7\u00e3o Macap\u00e1, o que permitiu o in\u00edcio gradativo do atendimento aos consumidores amapaenses. Ainda de acordo com o MME, at\u00e9 9h30, 33% da carga t\u00edpica para o hor\u00e1rio estava sendo atendida.<\/p>\n<p>A Companhia de Eletricidade do Amap\u00e1 (CEA), que acompanha o processo e faz a distribui\u00e7\u00e3o da energia no estado, decidiu fazer um rod\u00edzio de energia. Um cronograma de como isso acontecer\u00e1 deve ser anunciado ainda neste s\u00e1bado.<\/p>\n<p>&#8220;A CEA estabeleceu uma listagem de circuitos el\u00e9tricos que entrariam conforme essa energia fosse disponibilizada. [&#8230;] Lembramos que para a seguran\u00e7a do sistema n\u00e3o \u00e9 igual fazer a liga\u00e7\u00e3o de um interruptor. S\u00e3o quest\u00f5es muito complexas. \u00c9 necess\u00e1rio seguran\u00e7a para n\u00e3o causar instabilidade no sistema&#8221;, declarou o diretor-presidente da CEA, Marcos Pereira.<\/p>\n<p>Na sexta-feira, Domingos Andreatta, secret\u00e1rio adjunto de energia el\u00e9trica do Minist\u00e9rio de Minas e Energia (MME), informou que o transformador iniciou \u00e0 noite o teste para energiza\u00e7\u00e3o. Se o processo desse certo, o \u00f3rg\u00e3o garantia energia para quase 70% do estado ainda neste s\u00e1bado.<\/p>\n<p>&#8220;A gente estava acompanhando todas a a\u00e7\u00f5es para que a gente conseguisse retornar com o transformador, que t\u00e1 dispon\u00edvel na subesta\u00e7\u00e3o para que ele possa ser energizado entre hoje e amanh\u00e3 [&#8230;]. A expectativa \u00e9 que a gente consiga atender, com a energiza\u00e7\u00e3o e [a hidrel\u00e9trica] Coaracy Nunes, em torno de 60% a 70% da carga&#8221;, informou, no in\u00edcio da noite, em uma entrevista para a imprensa.<\/p>\n<p>Andreatta n\u00e3o detalhou, no entanto, quais \u00e1reas inicialmente seriam energizadas no estado.<\/p>\n<p>\u201cA ideia \u00e9 que, a partir do in\u00edcio do tratamento do \u00f3leo, de 6 a 8 horas teremos o resultado se a gente consegue energizar esse transformador, ou n\u00e3o. A m\u00e1quina ainda estava aquecendo, e o \u00f3leo ainda n\u00e3o tinha come\u00e7ado a ser filtrado. Outra m\u00e1quina de filtragem est\u00e1 chegando para que a gente possa acelerar o processo&#8221;, detalhou.<\/p>\n<p>In\u00edcio do apag\u00e3o<\/p>\n<p>Na noite de ter\u00e7a-feira, enquanto ocorria uma tempestade em Macap\u00e1, uma explos\u00e3o seguida de inc\u00eandio comprometeu os tr\u00eas transformadores de uma subesta\u00e7\u00e3o da Zona Norte, segundo o MME. As causas do inc\u00eandio ainda s\u00e3o desconhecidas. Uma investiga\u00e7\u00e3o foi aberta para apurar responsabilidade.<\/p>\n<p>O fogo danificou um transformador e atingiu os outros dois \u2014 um deles j\u00e1 estava inoperante por causa de uma manuten\u00e7\u00e3o realizada desde dezembro de 2019. Segundo o MME, o transformador que estava em manuten\u00e7\u00e3o ainda poderia ser recuperado, enquanto os outros dois precisariam ser trocados.<\/p>\n<p>A queda de energia afetou tamb\u00e9m o sistema hidr\u00e1ulico do estado. Houve falta de \u00e1gua encanada, \u00e1gua mineral e gelo. Sem energia, internet e servi\u00e7os de telefonia tamb\u00e9m foram atingidos \u2014 a maioria parou de funcionar.<\/p>\n<p>O Minist\u00e9rio de Minas e Energia criou um gabinete de crise e enviou uma comitiva ao Amap\u00e1. Na sexta, o governador Waldez G\u00f3es (PDT) assinou decreto que estabelece situa\u00e7\u00e3o de emerg\u00eancia em todo o estado por 90 dias.<\/p>\n<p>Quando a energia vai ser restabelecida?<\/p>\n<p>O ministro de Minas e Energia, Bento Albuquerque, disse na sexta-feira (6) que pretendia restabelecer toda a energia no estado do Amap\u00e1 em at\u00e9 10 dias.<\/p>\n<p>Com apoio da FAB para transporte de equipamentos de fora do estado, o plano apresentado pelo governo federal prev\u00ea a retomada da energia em 3 etapas:<\/p>\n<p>Recupera\u00e7\u00e3o de um dos transformadores queimados, com purifica\u00e7\u00e3o de \u00f3leo e que pode restabelecer cerca de 70% da energia do Amap\u00e1 ainda na sexta-feira;<br \/>\nMobilizar a log\u00edstica para Macap\u00e1 de dois transformadores, de quase 100 toneladas cada, um do munic\u00edpio de Laranjal do Jari, e outro de Boa Vista, capital de Roraima;<br \/>\nTransporte de 4 geradores de energia, originais do Amazonas, para suprir eventuais necessidades de atividades essenciais durante a recupera\u00e7\u00e3o da eletricidade no estado.<\/p>\n<p>&nbsp;<\/p>\n<p><strong>Fonte: G1<\/strong><\/p>\n<p>&nbsp;<\/p>\n","protected":false},"excerpt":{"rendered":"<p>O Amap\u00e1 chegou ao 5\u00ba dia de apag\u00e3o energ\u00e9tico. Durante a madrugada e a manh\u00e3 deste s\u00e1bado (7), o fornecimento de energia foi retomado na maior parte dos bairros da capital e em algumas \u00e1reas de Santana, na Regi\u00e3o Metropolitana de Macap\u00e1. O Minist\u00e9rio de Minas e Energia informou que conseguiu conectar a rede do &hellip;<\/p>\n","protected":false},"author":1,"featured_media":10595,"comment_status":"open","ping_status":"open","sticky":false,"template":"","format":"standard","meta":{"_jetpack_newsletter_access":"","_jetpack_dont_email_post_to_subs":false,"_jetpack_newsletter_tier_id":0,"_jetpack_memberships_contains_paywalled_content":false,"_jetpack_memberships_contains_paid_content":false,"footnotes":""},"categories":[1],"tags":[],"class_list":["post-10594","post","type-post","status-publish","format-standard","has-post-thumbnail","hentry","category-destaque"],"jetpack_sharing_enabled":true,"jetpack_featured_media_url":"","_links":{"self":[{"href":"https:\/\/www.oparanews.com.br\/index.php\/wp-json\/wp\/v2\/posts\/10594","targetHints":{"allow":["GET"]}}],"collection":[{"href":"https:\/\/www.oparanews.com.br\/index.php\/wp-json\/wp\/v2\/posts"}],"about":[{"href":"https:\/\/www.oparanews.com.br\/index.php\/wp-json\/wp\/v2\/types\/post"}],"author":[{"embeddable":true,"href":"https:\/\/www.oparanews.com.br\/index.php\/wp-json\/wp\/v2\/users\/1"}],"replies":[{"embeddable":true,"href":"https:\/\/www.oparanews.com.br\/index.php\/wp-json\/wp\/v2\/comments?post=10594"}],"version-history":[{"count":0,"href":"https:\/\/www.oparanews.com.br\/index.php\/wp-json\/wp\/v2\/posts\/10594\/revisions"}],"wp:attachment":[{"href":"https:\/\/www.oparanews.com.br\/index.php\/wp-json\/wp\/v2\/media?parent=10594"}],"wp:term":[{"taxonomy":"category","embeddable":true,"href":"https:\/\/www.oparanews.com.br\/index.php\/wp-json\/wp\/v2\/categories?post=10594"},{"taxonomy":"post_tag","embeddable":true,"href":"https:\/\/www.oparanews.com.br\/index.php\/wp-json\/wp\/v2\/tags?post=10594"}],"curies":[{"name":"wp","href":"https:\/\/api.w.org\/{rel}","templated":true}]}}