{"id":10597,"date":"2020-11-07T22:16:46","date_gmt":"2020-11-07T22:16:46","guid":{"rendered":"https:\/\/oparanews.com.br\/?p=10597"},"modified":"2020-11-07T22:16:46","modified_gmt":"2020-11-07T22:16:46","slug":"homens-encapuzados-invadem-residencia-e-matam-homem-a-tiros-em-arapiraca","status":"publish","type":"post","link":"https:\/\/www.oparanews.com.br\/index.php\/2020\/11\/07\/homens-encapuzados-invadem-residencia-e-matam-homem-a-tiros-em-arapiraca\/","title":{"rendered":"Homens encapuzados invadem resid\u00eancia e matam homem a tiros em Arapiraca"},"content":{"rendered":"<p>Um homem, de 30 anos, foi assassinado dentro de casa, na madrugada deste s\u00e1bado (7), depois de ter a resid\u00eancia invadida por homens encapuzados, em Arapiraca, no Agreste de Alagoas. As informa\u00e7\u00f5es constam no relat\u00f3rio do Centro Integrado de Opera\u00e7\u00f5es da Secretaria de Seguran\u00e7a P\u00fablica.<\/p>\n<p>Segundo o relato, a v\u00edtima estava em casa quando foi surpreendida pelos criminosos e alvejada por arma de fogo. Militares do 3\u00ba Batalh\u00e3o estiveram no local e a equipe m\u00e9dica do Servi\u00e7o de Atendimento M\u00f3vel de Urg\u00eancia (Samu) constatou o \u00f3bito. N\u00e3o h\u00e1 informa\u00e7\u00f5es sobre a autoria e nem a motiva\u00e7\u00e3o do crime.<\/p>\n<p>O Instituto de Criminal\u00edstica e o Instituto M\u00e9dico Legal estiveram na resid\u00eancia para os devidos procedimentos de per\u00edcia e recolhimento do corpo, assim como a Pol\u00edcia Civil, que iniciou as investiga\u00e7\u00f5es.<\/p>\n<p>&nbsp;<\/p>\n<p><strong>Fonte: TNH1<\/strong><\/p>\n<p>&nbsp;<\/p>\n","protected":false},"excerpt":{"rendered":"<p>Um homem, de 30 anos, foi assassinado dentro de casa, na madrugada deste s\u00e1bado (7), depois de ter a resid\u00eancia invadida por homens encapuzados, em Arapiraca, no Agreste de Alagoas. As informa\u00e7\u00f5es constam no relat\u00f3rio do Centro Integrado de Opera\u00e7\u00f5es da Secretaria de Seguran\u00e7a P\u00fablica. Segundo o relato, a v\u00edtima estava em casa quando foi &hellip;<\/p>\n","protected":false},"author":1,"featured_media":4325,"comment_status":"open","ping_status":"open","sticky":false,"template":"","format":"standard","meta":{"_jetpack_newsletter_access":"","_jetpack_dont_email_post_to_subs":false,"_jetpack_newsletter_tier_id":0,"_jetpack_memberships_contains_paywalled_content":false,"_jetpack_memberships_contains_paid_content":false,"footnotes":""},"categories":[1],"tags":[],"class_list":["post-10597","post","type-post","status-publish","format-standard","has-post-thumbnail","hentry","category-destaque"],"jetpack_sharing_enabled":true,"jetpack_featured_media_url":"","_links":{"self":[{"href":"https:\/\/www.oparanews.com.br\/index.php\/wp-json\/wp\/v2\/posts\/10597","targetHints":{"allow":["GET"]}}],"collection":[{"href":"https:\/\/www.oparanews.com.br\/index.php\/wp-json\/wp\/v2\/posts"}],"about":[{"href":"https:\/\/www.oparanews.com.br\/index.php\/wp-json\/wp\/v2\/types\/post"}],"author":[{"embeddable":true,"href":"https:\/\/www.oparanews.com.br\/index.php\/wp-json\/wp\/v2\/users\/1"}],"replies":[{"embeddable":true,"href":"https:\/\/www.oparanews.com.br\/index.php\/wp-json\/wp\/v2\/comments?post=10597"}],"version-history":[{"count":0,"href":"https:\/\/www.oparanews.com.br\/index.php\/wp-json\/wp\/v2\/posts\/10597\/revisions"}],"wp:attachment":[{"href":"https:\/\/www.oparanews.com.br\/index.php\/wp-json\/wp\/v2\/media?parent=10597"}],"wp:term":[{"taxonomy":"category","embeddable":true,"href":"https:\/\/www.oparanews.com.br\/index.php\/wp-json\/wp\/v2\/categories?post=10597"},{"taxonomy":"post_tag","embeddable":true,"href":"https:\/\/www.oparanews.com.br\/index.php\/wp-json\/wp\/v2\/tags?post=10597"}],"curies":[{"name":"wp","href":"https:\/\/api.w.org\/{rel}","templated":true}]}}