{"id":10608,"date":"2020-11-08T17:43:43","date_gmt":"2020-11-08T17:43:43","guid":{"rendered":"https:\/\/oparanews.com.br\/?p=10608"},"modified":"2020-11-08T17:43:43","modified_gmt":"2020-11-08T17:43:43","slug":"morre-aos-73-anos-a-cantora-vanusa-em-sp","status":"publish","type":"post","link":"https:\/\/www.oparanews.com.br\/index.php\/2020\/11\/08\/morre-aos-73-anos-a-cantora-vanusa-em-sp\/","title":{"rendered":"Morre aos 73 anos a cantora Vanusa em SP"},"content":{"rendered":"<p>A cantora Vanusa morreu na manh\u00e3 deste domingo (8) em uma casa de repouso em Santos, no litoral de S\u00e3o Paulo.<\/p>\n<p>Um enfermeiro do local, onde a artista morava h\u00e1 dois anos, percebeu que ela estava sem batimentos card\u00edacos, por volta das 5h30. Uma equipe da Unidade de Pronto Atendimento (UPA) foi acionada e constatou que a causa da morte foi uma insufici\u00eancia respirat\u00f3ria.<\/p>\n<p>Segundo funcion\u00e1rios da casa de repouso, Vanusa recebeu a visita de Amanda, sua filha mais velha, neste s\u00e1bado (7). Ela cantou, brincou, riu e se alimentou bem. A artista fazia fisioterapia e outros tratamentos na resid\u00eancia para idosos.<\/p>\n<p>Em setembro e outubro, Vanusa esteve internada no Complexo Hospitalar dos Estivadores, em Santos, por causa de um quadro grave de pneumonia.<\/p>\n<p>Aretha Marcos, tamb\u00e9m filha de Vanusa, publicou homenagens \u00e0 m\u00e3e nas redes sociais. Em uma delas, ela relembrou que, neste domingo, seu pai, Ant\u00f4nio Marcos, completaria 75 anos.<\/p>\n<p>&#8220;O amor \u00e9 imposs\u00edvel. Hoje, anivers\u00e1rio do meu pai, Ant\u00f4nio Marcos ele veio buscar minha m\u00e3e para viverem juntos na eternidade. A vida \u00e9 arte!&#8221;<\/p>\n<p>O filho Rafael Vannucci, ator, cantor e produtor de eventos, mora em Goi\u00e2nia e est\u00e1 viajando para S\u00e3o Paulo para encontrar a fam\u00edlia.<\/p>\n<p><strong>Cen\u00e1rio musical<\/strong><\/p>\n<p>Ap\u00f3s a morte da cantora, Mauro Ferreira, jornalista e cr\u00edtico de m\u00fasica, fez uma retrospectiva da carreira da cantora. Segundo ele, Vanusa teve import\u00e2ncia especialmente na d\u00e9cada de 70.<\/p>\n<p>Ele tamb\u00e9m falou sobre a import\u00e2ncia da cantora na cena musical brasileira e sua veia feminista. &#8220;Vanusa foi uma pioneira, ela foi empoderada. Ela sempre defendeu isso quando o mundo era mais machista, poucas mulheres tinham voz ativa na m\u00fasica brasileira como compositoras, sobretudo&#8221;, disse Ferreira.<\/p>\n<p><strong>Carreira<\/strong><\/p>\n<p>Vanusa Santos Flores nasceu em 22 de setembro de 1947 na cidade de Cruzeiro (SP), mas foi criada em Uberaba (MG).<\/p>\n<p>Com mais de 20 discos lan\u00e7ados ao longo da carreira e 3 mais de milh\u00f5es de c\u00f3pias vendidas, a cantora e compositora era mais identificada com a can\u00e7\u00e3o popular do que com a MPB, mas flutuou entre g\u00eaneros como rock, funk americano e samba.<\/p>\n<p>Aos 16 anos, cantava com o grupo Golden Lions. Em 1966, fez sucesso com a can\u00e7\u00e3o \u201cPra nunca mais chorar\u201d e passou a se apresentar na TV Excelsior.<\/p>\n<p>Na mesma \u00e9poca, participou das \u00faltimas edi\u00e7\u00f5es do programa da Jovem Guarda. Pouco depois, se juntou ao elenco do programa humor\u00edstico \u201cAdor\u00e1veis trapalh\u00f5es\u201d, com Renato Arag\u00e3o.<\/p>\n<p>Nos anos 1970, emendou sucessos como \u201cManh\u00e3s de setembro\u201d, que escreveu em parceria com seu parceiro frequente M\u00e1rio Campanha, e baladas como &#8220;Sonhos de um palha\u00e7o&#8221;, de Antonio Marcos e S\u00e9rgio S\u00e1, e &#8220;Paralelas&#8221;, de Belchior.<\/p>\n<p>Em 1972, se casou com Antonio Marcos. O cantor participou diretamente da carreira de Vanusa com outras m\u00fasicas, como \u201cCora\u00e7\u00e3o americano\u201d, escrita com Fagner.<\/p>\n<p>A m\u00fasica faz parte de um dos melhores discos da cantora, \u201cAmigos novos e antigos\u201d, lan\u00e7ado em 1975. Na mesma d\u00e9cada, ela ainda esteve no elenco de montagem do musical \u201cHair\u201d.<\/p>\n<p>Em 1977, lan\u00e7ou com o cantor Ronnie Von o LP \u201cCinderela 77\u201d, trilha sonora da novela com o mesmo nome da TV Tupi.<\/p>\n<p>Nas d\u00e9cadas seguintes, manteve a carreira ativa com o lan\u00e7amento de discos e participa\u00e7\u00f5es em diversos festivais de m\u00fasica no pa\u00eds e no exterior, como Uruguai, Coreia do Sul e Chile.<\/p>\n<p>Em 2005, participou ainda de eventos e shows comemorativos dos 40 anos da Jovem Guarda.<\/p>\n<p>Em 2009, Vanusa foi convidada para cantar o hino nacional em um evento na Assembleia Legislativa de S\u00e3o Paulo. Um v\u00eddeo que mostra a cantora trocando palavras da letra se tornou viral na internet. Na \u00e9poca, ela contou que rem\u00e9dios para labirintite a deixaram desorientada na ocasi\u00e3o.<\/p>\n<p>Pouco tempo depois, Vanusa sofreu um acidente dom\u00e9stico, segundo ela. tamb\u00e9m provocado pela labirintite. Por causa da queda, a artista precisou se submeter a tr\u00eas cirurgias na clav\u00edcula.<\/p>\n<p>Vanusa contou sua vida na autobiografia \u201cNingu\u00e9m \u00e9 mulher impunemente\u201d e no mon\u00f3logo musical \u201cNingu\u00e9m \u00e9 loura por acaso\u201d, que estreou no teatro em 1999 em S\u00e3o Paulo.<\/p>\n<p>&nbsp;<\/p>\n<p><strong>Fonte: G1<\/strong><\/p>\n<p>&nbsp;<\/p>\n","protected":false},"excerpt":{"rendered":"<p>A cantora Vanusa morreu na manh\u00e3 deste domingo (8) em uma casa de repouso em Santos, no litoral de S\u00e3o Paulo. Um enfermeiro do local, onde a artista morava h\u00e1 dois anos, percebeu que ela estava sem batimentos card\u00edacos, por volta das 5h30. Uma equipe da Unidade de Pronto Atendimento (UPA) foi acionada e constatou &hellip;<\/p>\n","protected":false},"author":1,"featured_media":10609,"comment_status":"open","ping_status":"open","sticky":false,"template":"","format":"standard","meta":{"_jetpack_newsletter_access":"","_jetpack_dont_email_post_to_subs":false,"_jetpack_newsletter_tier_id":0,"_jetpack_memberships_contains_paywalled_content":false,"_jetpack_memberships_contains_paid_content":false,"footnotes":""},"categories":[1],"tags":[],"class_list":["post-10608","post","type-post","status-publish","format-standard","has-post-thumbnail","hentry","category-destaque"],"jetpack_sharing_enabled":true,"jetpack_featured_media_url":"","_links":{"self":[{"href":"https:\/\/www.oparanews.com.br\/index.php\/wp-json\/wp\/v2\/posts\/10608","targetHints":{"allow":["GET"]}}],"collection":[{"href":"https:\/\/www.oparanews.com.br\/index.php\/wp-json\/wp\/v2\/posts"}],"about":[{"href":"https:\/\/www.oparanews.com.br\/index.php\/wp-json\/wp\/v2\/types\/post"}],"author":[{"embeddable":true,"href":"https:\/\/www.oparanews.com.br\/index.php\/wp-json\/wp\/v2\/users\/1"}],"replies":[{"embeddable":true,"href":"https:\/\/www.oparanews.com.br\/index.php\/wp-json\/wp\/v2\/comments?post=10608"}],"version-history":[{"count":0,"href":"https:\/\/www.oparanews.com.br\/index.php\/wp-json\/wp\/v2\/posts\/10608\/revisions"}],"wp:attachment":[{"href":"https:\/\/www.oparanews.com.br\/index.php\/wp-json\/wp\/v2\/media?parent=10608"}],"wp:term":[{"taxonomy":"category","embeddable":true,"href":"https:\/\/www.oparanews.com.br\/index.php\/wp-json\/wp\/v2\/categories?post=10608"},{"taxonomy":"post_tag","embeddable":true,"href":"https:\/\/www.oparanews.com.br\/index.php\/wp-json\/wp\/v2\/tags?post=10608"}],"curies":[{"name":"wp","href":"https:\/\/api.w.org\/{rel}","templated":true}]}}