{"id":10611,"date":"2020-11-08T18:25:45","date_gmt":"2020-11-08T18:25:45","guid":{"rendered":"https:\/\/oparanews.com.br\/?p=10611"},"modified":"2020-11-08T18:25:45","modified_gmt":"2020-11-08T18:25:45","slug":"marcelo-cabo-aceita-proposta-do-atletico-go-e-deixa-o-crb","status":"publish","type":"post","link":"https:\/\/www.oparanews.com.br\/index.php\/2020\/11\/08\/marcelo-cabo-aceita-proposta-do-atletico-go-e-deixa-o-crb\/","title":{"rendered":"Marcelo Cabo aceita proposta do Atl\u00e9tico-GO e deixa o CRB"},"content":{"rendered":"<p>No fim da tarde deste s\u00e1bado, o treinador Marcelo Cabo se acertou com o Atl\u00e9tico-GO e est\u00e1 de sa\u00edda do CRB. O representante de Cabo, Alex Fabiano, confirmou anteriormente que o um acordo estava sendo negociado. Ao fim da tarde, Cabo aceitou a proposta do Drag\u00e3o e ir\u00e1 treinar o time goiano.<\/p>\n<p>&#8220;Est\u00e1 em andamento e faltando detalhes para finaliza\u00e7\u00e3o. \u00c9 grande a chance de ele ir para o Atl\u00e9tico-GO, estamos conversando sobre cl\u00e1usula de contrato&#8230;Est\u00e1 bem encaminhado&#8221;, disse Alex.<\/p>\n<p>Ainda de acordo com o representante, existe uma cl\u00e1usula no contrato com o CRB que permite que sua sa\u00edda em caso de propostas vindas da S\u00e9rie A.<\/p>\n<p>&#8220;Tem um acerto com o CRB que se aparecesse um clube de S\u00e9rie A ou dependendo da situa\u00e7\u00e3o existe a cl\u00e1usula de libera\u00e7\u00e3o. O CRB sempre quando h\u00e1 um interesse por um treinador, ele n\u00e3o impede de o treinador decidir se quer ir para um clube de grande porte. Hoje, o Marcelo Cabo t\u00e1 fazendo um excelente trabalho, tem um projeto no CRB, mas \u00e9 um time de S\u00e9rie A que vem e isso entra na cabe\u00e7a de um treinador&#8221;, explicou.<\/p>\n<p>Ap\u00f3s fracassar nas negocia\u00e7\u00f5es com Z\u00e9 Ricardo, o Drag\u00e3o voltou suas aten\u00e7\u00f5es para o t\u00e9cnico que conquistou o principal t\u00edtulo da hist\u00f3ria do clube: a S\u00e9rie B de 2016. Essa ser\u00e1 a segunda passagem de Marcelo Cabo no Atl\u00e9tico-GO. O Galo pediu em troca a libera\u00e7\u00e3o do Junior Brand\u00e3o para, assim, liberar Marcelo Cabo de imediato.<\/p>\n<p>Cabo chegou ao CRB na reta final da S\u00e9rie B de 2019, onde estreou na 29\u00aa rodada contra o Oper\u00e1rio-PR. O treinador comandou o time regatiano 52 vezes, com 21 vit\u00f3rias. O momento mais marcante no Galo da Praia foi a conquista do Alagoano de 2020.<\/p>\n<p>&nbsp;<\/p>\n<p><strong>por Rafael Reis\/Gazetaweb<\/strong><\/p>\n<p>&nbsp;<\/p>\n","protected":false},"excerpt":{"rendered":"<p>No fim da tarde deste s\u00e1bado, o treinador Marcelo Cabo se acertou com o Atl\u00e9tico-GO e est\u00e1 de sa\u00edda do CRB. O representante de Cabo, Alex Fabiano, confirmou anteriormente que o um acordo estava sendo negociado. Ao fim da tarde, Cabo aceitou a proposta do Drag\u00e3o e ir\u00e1 treinar o time goiano. &#8220;Est\u00e1 em andamento &hellip;<\/p>\n","protected":false},"author":1,"featured_media":10612,"comment_status":"open","ping_status":"open","sticky":false,"template":"","format":"standard","meta":{"_jetpack_newsletter_access":"","_jetpack_dont_email_post_to_subs":false,"_jetpack_newsletter_tier_id":0,"_jetpack_memberships_contains_paywalled_content":false,"_jetpack_memberships_contains_paid_content":false,"footnotes":""},"categories":[1],"tags":[],"class_list":["post-10611","post","type-post","status-publish","format-standard","has-post-thumbnail","hentry","category-destaque"],"jetpack_sharing_enabled":true,"jetpack_featured_media_url":"","_links":{"self":[{"href":"https:\/\/www.oparanews.com.br\/index.php\/wp-json\/wp\/v2\/posts\/10611","targetHints":{"allow":["GET"]}}],"collection":[{"href":"https:\/\/www.oparanews.com.br\/index.php\/wp-json\/wp\/v2\/posts"}],"about":[{"href":"https:\/\/www.oparanews.com.br\/index.php\/wp-json\/wp\/v2\/types\/post"}],"author":[{"embeddable":true,"href":"https:\/\/www.oparanews.com.br\/index.php\/wp-json\/wp\/v2\/users\/1"}],"replies":[{"embeddable":true,"href":"https:\/\/www.oparanews.com.br\/index.php\/wp-json\/wp\/v2\/comments?post=10611"}],"version-history":[{"count":0,"href":"https:\/\/www.oparanews.com.br\/index.php\/wp-json\/wp\/v2\/posts\/10611\/revisions"}],"wp:attachment":[{"href":"https:\/\/www.oparanews.com.br\/index.php\/wp-json\/wp\/v2\/media?parent=10611"}],"wp:term":[{"taxonomy":"category","embeddable":true,"href":"https:\/\/www.oparanews.com.br\/index.php\/wp-json\/wp\/v2\/categories?post=10611"},{"taxonomy":"post_tag","embeddable":true,"href":"https:\/\/www.oparanews.com.br\/index.php\/wp-json\/wp\/v2\/tags?post=10611"}],"curies":[{"name":"wp","href":"https:\/\/api.w.org\/{rel}","templated":true}]}}