{"id":10619,"date":"2020-11-09T18:23:20","date_gmt":"2020-11-09T18:23:20","guid":{"rendered":"https:\/\/oparanews.com.br\/?p=10619"},"modified":"2020-11-09T18:23:20","modified_gmt":"2020-11-09T18:23:20","slug":"cinco-pessoas-ficam-feridas-em-colisao-em-sao-jose-da-tapera","status":"publish","type":"post","link":"https:\/\/www.oparanews.com.br\/index.php\/2020\/11\/09\/cinco-pessoas-ficam-feridas-em-colisao-em-sao-jose-da-tapera\/","title":{"rendered":"Cinco pessoas ficam feridas em colis\u00e3o em S\u00e3o Jos\u00e9 da Tapera"},"content":{"rendered":"<p>Uma colis\u00e3o entre dois carros deixou cinco pessoas feridas na noite de domingo (9) na cidade de S\u00e3o Jos\u00e9 da Tapera, Sert\u00e3o de Alagoas. Elas foram socorridos pelos Bombeiros e pelo Servi\u00e7o de Atendimento M\u00f3vel de Urg\u00eancia (Samu). Dois dos feridos ficaram presos \u00e0s ferragens.<\/p>\n<p>De acordo com informa\u00e7\u00f5es do Corpo de Bombeiros, um homem de cerca de 50 anos e uma mulher de aproximadamente 30 ficaram presos \u00e0s ferragens. Eles foram retirados dos ve\u00edculos por equipes do Corpo de Bombeiros e levados para o Hospital de Emerg\u00eancia do Agreste.<\/p>\n<p>Os outros feridos foram tr\u00eas crian\u00e7as que foram socorridas pelo Samu para o Hospital de S\u00e3o Jos\u00e9 da Tapera. Uma das crian\u00e7as foi transferida para o Hospital de Emerg\u00eancia do Agreste.<\/p>\n<p>Segundo a unidade, Maria Lucimeire P. Dos Santos, 30, teve fraturas na perna e machucou a cabe\u00e7a, mas o est\u00e1vel de sa\u00fade no momento \u00e9 est\u00e1vel. A filha dela, de 6 anos, sofreu fratura na face e passou por cirurgia. Seu estado de sa\u00fade \u00e9 considerado est\u00e1vel.<\/p>\n<p>O outro ferido no acidente foi Adilson Maximino, 47 anos. Ele teve fratura na m\u00e3o e no f\u00eamur e vai passar por cirurgia.<\/p>\n<p>A reportagem tenta contato com o hospital de S\u00e3o Jos\u00e9 da Tapera, mas n\u00e3o conseguiu.<\/p>\n<p>N\u00e3o h\u00e1 informa\u00e7\u00f5es sobre como o acidente aconteceu.<\/p>\n<p>&nbsp;<\/p>\n<p><strong>Fonte: G1\/AL<\/strong><\/p>\n<p>&nbsp;<\/p>\n","protected":false},"excerpt":{"rendered":"<p>Uma colis\u00e3o entre dois carros deixou cinco pessoas feridas na noite de domingo (9) na cidade de S\u00e3o Jos\u00e9 da Tapera, Sert\u00e3o de Alagoas. Elas foram socorridos pelos Bombeiros e pelo Servi\u00e7o de Atendimento M\u00f3vel de Urg\u00eancia (Samu). Dois dos feridos ficaram presos \u00e0s ferragens. De acordo com informa\u00e7\u00f5es do Corpo de Bombeiros, um homem &hellip;<\/p>\n","protected":false},"author":1,"featured_media":10620,"comment_status":"open","ping_status":"open","sticky":false,"template":"","format":"standard","meta":{"_jetpack_newsletter_access":"","_jetpack_dont_email_post_to_subs":false,"_jetpack_newsletter_tier_id":0,"_jetpack_memberships_contains_paywalled_content":false,"_jetpack_memberships_contains_paid_content":false,"footnotes":""},"categories":[1],"tags":[],"class_list":["post-10619","post","type-post","status-publish","format-standard","has-post-thumbnail","hentry","category-destaque"],"jetpack_sharing_enabled":true,"jetpack_featured_media_url":"","_links":{"self":[{"href":"https:\/\/www.oparanews.com.br\/index.php\/wp-json\/wp\/v2\/posts\/10619","targetHints":{"allow":["GET"]}}],"collection":[{"href":"https:\/\/www.oparanews.com.br\/index.php\/wp-json\/wp\/v2\/posts"}],"about":[{"href":"https:\/\/www.oparanews.com.br\/index.php\/wp-json\/wp\/v2\/types\/post"}],"author":[{"embeddable":true,"href":"https:\/\/www.oparanews.com.br\/index.php\/wp-json\/wp\/v2\/users\/1"}],"replies":[{"embeddable":true,"href":"https:\/\/www.oparanews.com.br\/index.php\/wp-json\/wp\/v2\/comments?post=10619"}],"version-history":[{"count":0,"href":"https:\/\/www.oparanews.com.br\/index.php\/wp-json\/wp\/v2\/posts\/10619\/revisions"}],"wp:attachment":[{"href":"https:\/\/www.oparanews.com.br\/index.php\/wp-json\/wp\/v2\/media?parent=10619"}],"wp:term":[{"taxonomy":"category","embeddable":true,"href":"https:\/\/www.oparanews.com.br\/index.php\/wp-json\/wp\/v2\/categories?post=10619"},{"taxonomy":"post_tag","embeddable":true,"href":"https:\/\/www.oparanews.com.br\/index.php\/wp-json\/wp\/v2\/tags?post=10619"}],"curies":[{"name":"wp","href":"https:\/\/api.w.org\/{rel}","templated":true}]}}