{"id":10625,"date":"2020-11-09T18:29:11","date_gmt":"2020-11-09T18:29:11","guid":{"rendered":"https:\/\/oparanews.com.br\/?p=10625"},"modified":"2020-11-09T18:29:11","modified_gmt":"2020-11-09T18:29:11","slug":"flamengo-demite-domenec-torrent-apos-nova-goleada","status":"publish","type":"post","link":"https:\/\/www.oparanews.com.br\/index.php\/2020\/11\/09\/flamengo-demite-domenec-torrent-apos-nova-goleada\/","title":{"rendered":"Flamengo demite Dom\u00e8nec Torrent ap\u00f3s nova goleada"},"content":{"rendered":"<p>O Flamengo anunciou nesta segunda-feira a demiss\u00e3o de Dom\u00e8nec Torrent. Al\u00e9m do treinador espanhol, a comiss\u00e3o t\u00e9cnica trazida pelo profissional tamb\u00e9m deixa o clube. A atividade desta ter\u00e7a-feira, no Ninho do Urubu, j\u00e1 ser\u00e1 comandada pelo treinador Maur\u00edcio Souza, que dirige a equipe Sub-20.<\/p>\n<p>O treinador espanhol deixou o cargo ap\u00f3s derrota para o Atl\u00e9tico-MG, no \u00faltimo domingo. Contratado no meio da temporada para substituir o portugu\u00eas Jorge Jesus, o ex-auxiliar de Pep Guardiola se despede do cargo ap\u00f3s 24 partidas, com com 14 vit\u00f3rias, quatro empates em seis derrotas. Agora, o atual campe\u00e3o brasileiro e da Copa Libertadores ir\u00e1 ao mercado em busca de um substituto.<\/p>\n<p>Torrent deixa a equipe ap\u00f3s sofrer duas goleadas seguidas pelo Brasileir\u00e3o, para S\u00e3o Paulo (4 a 1) e Atl\u00e9tico-MG (4 a 0), respectivamente. Apesar disso, o Flamengo \u00e9 o 3\u00ba colocado da competi\u00e7\u00e3o com 35 pontos.<\/p>\n<p><em>&#8220;O Clube de Regatas do Flamengo informa que Dom\u00e8nec Torrent e sua comiss\u00e3o t\u00e9cnica n\u00e3o comandam mais o time principal do clube.<\/em><\/p>\n<p><em>A atividade da equipe principal da pr\u00f3xima ter\u00e7a-feira (10) ser\u00e1 comandada por Maur\u00edcio Souza. #CRF \u2014 Flamengo (@Flamengo) November 9, 2020&#8243;<\/em><\/p>\n<p>&nbsp;<\/p>\n<p><strong>Fonte: Terra<\/strong><\/p>\n<p>&nbsp;<\/p>\n","protected":false},"excerpt":{"rendered":"<p>O Flamengo anunciou nesta segunda-feira a demiss\u00e3o de Dom\u00e8nec Torrent. Al\u00e9m do treinador espanhol, a comiss\u00e3o t\u00e9cnica trazida pelo profissional tamb\u00e9m deixa o clube. A atividade desta ter\u00e7a-feira, no Ninho do Urubu, j\u00e1 ser\u00e1 comandada pelo treinador Maur\u00edcio Souza, que dirige a equipe Sub-20. O treinador espanhol deixou o cargo ap\u00f3s derrota para o Atl\u00e9tico-MG, &hellip;<\/p>\n","protected":false},"author":1,"featured_media":10626,"comment_status":"open","ping_status":"open","sticky":false,"template":"","format":"standard","meta":{"_jetpack_newsletter_access":"","_jetpack_dont_email_post_to_subs":false,"_jetpack_newsletter_tier_id":0,"_jetpack_memberships_contains_paywalled_content":false,"_jetpack_memberships_contains_paid_content":false,"footnotes":""},"categories":[1],"tags":[],"class_list":["post-10625","post","type-post","status-publish","format-standard","has-post-thumbnail","hentry","category-destaque"],"jetpack_sharing_enabled":true,"jetpack_featured_media_url":"","_links":{"self":[{"href":"https:\/\/www.oparanews.com.br\/index.php\/wp-json\/wp\/v2\/posts\/10625","targetHints":{"allow":["GET"]}}],"collection":[{"href":"https:\/\/www.oparanews.com.br\/index.php\/wp-json\/wp\/v2\/posts"}],"about":[{"href":"https:\/\/www.oparanews.com.br\/index.php\/wp-json\/wp\/v2\/types\/post"}],"author":[{"embeddable":true,"href":"https:\/\/www.oparanews.com.br\/index.php\/wp-json\/wp\/v2\/users\/1"}],"replies":[{"embeddable":true,"href":"https:\/\/www.oparanews.com.br\/index.php\/wp-json\/wp\/v2\/comments?post=10625"}],"version-history":[{"count":0,"href":"https:\/\/www.oparanews.com.br\/index.php\/wp-json\/wp\/v2\/posts\/10625\/revisions"}],"wp:attachment":[{"href":"https:\/\/www.oparanews.com.br\/index.php\/wp-json\/wp\/v2\/media?parent=10625"}],"wp:term":[{"taxonomy":"category","embeddable":true,"href":"https:\/\/www.oparanews.com.br\/index.php\/wp-json\/wp\/v2\/categories?post=10625"},{"taxonomy":"post_tag","embeddable":true,"href":"https:\/\/www.oparanews.com.br\/index.php\/wp-json\/wp\/v2\/tags?post=10625"}],"curies":[{"name":"wp","href":"https:\/\/api.w.org\/{rel}","templated":true}]}}