{"id":10640,"date":"2020-11-09T19:17:31","date_gmt":"2020-11-09T19:17:31","guid":{"rendered":"https:\/\/oparanews.com.br\/?p=10640"},"modified":"2020-11-09T19:17:31","modified_gmt":"2020-11-09T19:17:31","slug":"policiais-civis-vao-discutir-sobre-nova-paralisacao-durante-assembleia","status":"publish","type":"post","link":"https:\/\/www.oparanews.com.br\/index.php\/2020\/11\/09\/policiais-civis-vao-discutir-sobre-nova-paralisacao-durante-assembleia\/","title":{"rendered":"Policiais civis v\u00e3o discutir sobre nova paralisa\u00e7\u00e3o durante assembleia"},"content":{"rendered":"<p>Os policiais civis de Alagoas podem, novamente, entrar em greve. Segundo o Sindicato dos Policiais Civis de Alagoas (Sindpol), uma assembleia geral extraordin\u00e1ria ocorrer\u00e1 nesta ter\u00e7a-feira (10) para decidir se haver\u00e1 ou n\u00e3o paralisa\u00e7\u00e3o. Os agentes alegam que o Governo de Alagoas negligenciou com a categoria ao n\u00e3o se reunir com o sindicato conforme prometido.<\/p>\n<p>A assembleia deve ocorrer no Clube de Engenharia, no bairro do Farol, \u00e0s 13 horas. A assembleia seguir\u00e1 recomenda\u00e7\u00f5es sanit\u00e1rias de combate \u00e0 Covid-19, pontuou o Sindpol.<\/p>\n<p>Os policiais civis do estado estavam paralisados at\u00e9 o in\u00edcio deste ano, quando reivindicavam um aumento do piso salarial e outras medidas de valoriza\u00e7\u00e3o da categoria. &#8220;O governador concedeu reajuste salarial aos delegados e aos policiais militares, de n\u00edvel m\u00e9dio, que atualmente recebem piso salarial maior que os policiais civis, que possuem n\u00edvel superior&#8221;, disse o sindicato em nota.<\/p>\n<p>Durante a \u00faltima paralisa\u00e7\u00e3o da categoria, n\u00e3o houve cumprimento de mandados de busca e apreens\u00e3o, confec\u00e7\u00e3o de Boletins de Ocorr\u00eancia (BOs) e a participa\u00e7\u00e3o de agentes da pol\u00edcia civil em a\u00e7\u00f5es integradas de seguran\u00e7a. Segundo o Sindpol, a paralisa\u00e7\u00e3o foi encerrada com a promessa de maiores discuss\u00f5es at\u00e9 o dia 30 de outubro em uma reuni\u00e3o com o governador, o que ainda n\u00e3o ocorreu.<\/p>\n<p>&nbsp;<\/p>\n<p><strong>por Luan Oliveira\/Gazetaweb<\/strong><\/p>\n<p>&nbsp;<\/p>\n","protected":false},"excerpt":{"rendered":"<p>Os policiais civis de Alagoas podem, novamente, entrar em greve. Segundo o Sindicato dos Policiais Civis de Alagoas (Sindpol), uma assembleia geral extraordin\u00e1ria ocorrer\u00e1 nesta ter\u00e7a-feira (10) para decidir se haver\u00e1 ou n\u00e3o paralisa\u00e7\u00e3o. Os agentes alegam que o Governo de Alagoas negligenciou com a categoria ao n\u00e3o se reunir com o sindicato conforme prometido. &hellip;<\/p>\n","protected":false},"author":1,"featured_media":10641,"comment_status":"open","ping_status":"open","sticky":false,"template":"","format":"standard","meta":{"_jetpack_newsletter_access":"","_jetpack_dont_email_post_to_subs":false,"_jetpack_newsletter_tier_id":0,"_jetpack_memberships_contains_paywalled_content":false,"_jetpack_memberships_contains_paid_content":false,"footnotes":""},"categories":[1],"tags":[],"class_list":["post-10640","post","type-post","status-publish","format-standard","has-post-thumbnail","hentry","category-destaque"],"jetpack_sharing_enabled":true,"jetpack_featured_media_url":"","_links":{"self":[{"href":"https:\/\/www.oparanews.com.br\/index.php\/wp-json\/wp\/v2\/posts\/10640","targetHints":{"allow":["GET"]}}],"collection":[{"href":"https:\/\/www.oparanews.com.br\/index.php\/wp-json\/wp\/v2\/posts"}],"about":[{"href":"https:\/\/www.oparanews.com.br\/index.php\/wp-json\/wp\/v2\/types\/post"}],"author":[{"embeddable":true,"href":"https:\/\/www.oparanews.com.br\/index.php\/wp-json\/wp\/v2\/users\/1"}],"replies":[{"embeddable":true,"href":"https:\/\/www.oparanews.com.br\/index.php\/wp-json\/wp\/v2\/comments?post=10640"}],"version-history":[{"count":0,"href":"https:\/\/www.oparanews.com.br\/index.php\/wp-json\/wp\/v2\/posts\/10640\/revisions"}],"wp:attachment":[{"href":"https:\/\/www.oparanews.com.br\/index.php\/wp-json\/wp\/v2\/media?parent=10640"}],"wp:term":[{"taxonomy":"category","embeddable":true,"href":"https:\/\/www.oparanews.com.br\/index.php\/wp-json\/wp\/v2\/categories?post=10640"},{"taxonomy":"post_tag","embeddable":true,"href":"https:\/\/www.oparanews.com.br\/index.php\/wp-json\/wp\/v2\/tags?post=10640"}],"curies":[{"name":"wp","href":"https:\/\/api.w.org\/{rel}","templated":true}]}}