{"id":10652,"date":"2020-11-10T16:50:17","date_gmt":"2020-11-10T16:50:17","guid":{"rendered":"https:\/\/oparanews.com.br\/?p=10652"},"modified":"2020-11-10T16:50:17","modified_gmt":"2020-11-10T16:50:17","slug":"ronaldo-lopes-apresenta-propostas-para-a-juventude-e-recebe-o-apoio-milhares-de-jovens-de-penedo","status":"publish","type":"post","link":"https:\/\/www.oparanews.com.br\/index.php\/2020\/11\/10\/ronaldo-lopes-apresenta-propostas-para-a-juventude-e-recebe-o-apoio-milhares-de-jovens-de-penedo\/","title":{"rendered":"Ronaldo Lopes apresenta propostas para a juventude e recebe o apoio milhares de jovens de Penedo"},"content":{"rendered":"<p>O segundo encontro entre jovens penedenses e Ronaldo Lopes confirmou o crescimento da ades\u00e3o da juventude ao pr\u00f3ximo prefeito de Penedo. Cercado de carinho e apoio massivo, o engenheiro conversou com milhares de mo\u00e7as e rapazes no gin\u00e1sio do Centro Juvenil Maria Auxiliadora na noite desta segunda-feira, 09.<\/p>\n<p>Com todas as 700 cadeiras do espa\u00e7o ocupadas, arquibancadas lotadas e muita gente em p\u00e9, a plateia foi presenteada com uma breve apresenta\u00e7\u00e3o da filarm\u00f4nica mantida pela entidade de assist\u00eancia social.<\/p>\n<p><a href=\"https:\/\/oparanews.com.br\/wp-content\/uploads\/2020\/11\/IMG-20201110-WA0004.jpg\"><img loading=\"lazy\" decoding=\"async\" class=\"aligncenter size-full wp-image-10654\" src=\"https:\/\/oparanews.com.br\/wp-content\/uploads\/2020\/11\/IMG-20201110-WA0004.jpg\" alt=\"\" width=\"1280\" height=\"960\" \/><\/a><\/p>\n<p>O Centro Juvenil representa a concretiza\u00e7\u00e3o de uma longa jornada de trabalho da Irm\u00e3 Paola Pellandra e da congrega\u00e7\u00e3o salesiana em Penedo, dedica\u00e7\u00e3o elogiada por Ronaldo Lopes.<\/p>\n<p>\u201cA Irm\u00e3 Paola tinha esse sonho de ajudar as pessoas mais carentes e transformou em realidade. Aqui crian\u00e7as e adolescentes estudam, aprendem, praticam esportes e algumas t\u00eam at\u00e9 sua \u00fanica alimenta\u00e7\u00e3o do dia. Eu tamb\u00e9m sou um sonhador e, partir de janeiro, o nosso desafio \u00e9 resolver o maior problema da juventude de Penedo: emprego e renda\u201d, afirmou o respons\u00e1vel por projetos que geraram avan\u00e7os ineg\u00e1veis para o turismo e a infraestrutura da cidade.<\/p>\n<p>Entre apresenta\u00e7\u00f5es de dan\u00e7a e a descontra\u00e7\u00e3o da dupla Laisa Karine e Alisson Bezerra, respons\u00e1vel por apresentar o encontro, as prioridades do governo Ronaldo Lopes\/Jo\u00e3o Lucas foram amplificadas. Todo o plano de trabalho est\u00e1 dispon\u00edvel nas redes sociais dos candidatos que t\u00eam a simpatia da popula\u00e7\u00e3o penedense.<\/p>\n<p><a href=\"https:\/\/oparanews.com.br\/wp-content\/uploads\/2020\/11\/IMG-20201110-WA0010.jpg\"><img loading=\"lazy\" decoding=\"async\" class=\"aligncenter size-full wp-image-10653\" src=\"https:\/\/oparanews.com.br\/wp-content\/uploads\/2020\/11\/IMG-20201110-WA0010.jpg\" alt=\"\" width=\"1280\" height=\"853\" \/><\/a><\/p>\n<p>O encontro realizado neste in\u00edcio da \u00faltima semana da campanha 2020 tamb\u00e9m foi prestigiado por candidatos e candidatas \u00e0 C\u00e2mara de Vereadores da Rota do Avan\u00e7o, apoio fundamental \u00e0 \u00fanica chapa capaz de tornar Penedo cada vez melhor.<\/p>\n<p>Ronaldo Lopes agradeceu aos aliados e reafirmou seu compromisso com quem mais precisa do poder p\u00fablico porque sabe que o per\u00edodo de p\u00f3s-pandemia da Covid-19 ser\u00e1 cr\u00edtico. \u201cN\u00f3s daremos uma aten\u00e7\u00e3o especial, logo no in\u00edcio do ano, para amparar essas pessoas\u201d, declarou o candidato mais preparado para governar Penedo.<\/p>\n<p>&nbsp;<\/p>\n<p><strong>por Assessoria<\/strong><\/p>\n<p>&nbsp;<\/p>\n","protected":false},"excerpt":{"rendered":"<p>O segundo encontro entre jovens penedenses e Ronaldo Lopes confirmou o crescimento da ades\u00e3o da juventude ao pr\u00f3ximo prefeito de Penedo. Cercado de carinho e apoio massivo, o engenheiro conversou com milhares de mo\u00e7as e rapazes no gin\u00e1sio do Centro Juvenil Maria Auxiliadora na noite desta segunda-feira, 09. Com todas as 700 cadeiras do espa\u00e7o &hellip;<\/p>\n","protected":false},"author":1,"featured_media":10655,"comment_status":"open","ping_status":"open","sticky":false,"template":"","format":"standard","meta":{"_jetpack_newsletter_access":"","_jetpack_dont_email_post_to_subs":false,"_jetpack_newsletter_tier_id":0,"_jetpack_memberships_contains_paywalled_content":false,"_jetpack_memberships_contains_paid_content":false,"footnotes":""},"categories":[1],"tags":[],"class_list":["post-10652","post","type-post","status-publish","format-standard","has-post-thumbnail","hentry","category-destaque"],"jetpack_sharing_enabled":true,"jetpack_featured_media_url":"","_links":{"self":[{"href":"https:\/\/www.oparanews.com.br\/index.php\/wp-json\/wp\/v2\/posts\/10652","targetHints":{"allow":["GET"]}}],"collection":[{"href":"https:\/\/www.oparanews.com.br\/index.php\/wp-json\/wp\/v2\/posts"}],"about":[{"href":"https:\/\/www.oparanews.com.br\/index.php\/wp-json\/wp\/v2\/types\/post"}],"author":[{"embeddable":true,"href":"https:\/\/www.oparanews.com.br\/index.php\/wp-json\/wp\/v2\/users\/1"}],"replies":[{"embeddable":true,"href":"https:\/\/www.oparanews.com.br\/index.php\/wp-json\/wp\/v2\/comments?post=10652"}],"version-history":[{"count":0,"href":"https:\/\/www.oparanews.com.br\/index.php\/wp-json\/wp\/v2\/posts\/10652\/revisions"}],"wp:attachment":[{"href":"https:\/\/www.oparanews.com.br\/index.php\/wp-json\/wp\/v2\/media?parent=10652"}],"wp:term":[{"taxonomy":"category","embeddable":true,"href":"https:\/\/www.oparanews.com.br\/index.php\/wp-json\/wp\/v2\/categories?post=10652"},{"taxonomy":"post_tag","embeddable":true,"href":"https:\/\/www.oparanews.com.br\/index.php\/wp-json\/wp\/v2\/tags?post=10652"}],"curies":[{"name":"wp","href":"https:\/\/api.w.org\/{rel}","templated":true}]}}