{"id":10657,"date":"2020-11-10T16:52:05","date_gmt":"2020-11-10T16:52:05","guid":{"rendered":"https:\/\/oparanews.com.br\/?p=10657"},"modified":"2020-11-10T16:52:05","modified_gmt":"2020-11-10T16:52:05","slug":"flamengo-anuncia-rogerio-ceni-como-seu-novo-tecnico","status":"publish","type":"post","link":"https:\/\/www.oparanews.com.br\/index.php\/2020\/11\/10\/flamengo-anuncia-rogerio-ceni-como-seu-novo-tecnico\/","title":{"rendered":"Flamengo anuncia Rog\u00e9rio Ceni como seu novo t\u00e9cnico"},"content":{"rendered":"<p>O Flamengo anunciou na manh\u00e3 desta ter\u00e7a-feira (10) a chegada de Rog\u00e9rio Ceni, 47, para ser o novo treinador da equipe rubro-negra.<\/p>\n<p>Ele deixou o Fortaleza na segunda, ap\u00f3s receber proposta do clube carioca para ser o substituto do espanhol Dom\u00e8nec Torrent. O contrato vai at\u00e9 dezembro de 2021, e sua apresenta\u00e7\u00e3o est\u00e1 marcada para o in\u00edcio da tarde.<\/p>\n<p>Ainda n\u00e3o est\u00e1 confirmada a data de estreia de Ceni no Flamengo, mas ela poder\u00e1 acontecer j\u00e1 nesta quarta (11), contra o S\u00e3o Paulo, no Maracan\u00e3, pela primeira partida das quartas de final da Copa do Brasil.<\/p>\n<p>Ceni \u00e9 um dos maiores \u00eddolos da hist\u00f3ria do clube paulista, pelo qual atuou como goleiro de 1990 a 2015 e conquistou v\u00e1rios t\u00edtulos, os mais marcantes a Libertadores e o Mundial de 2005, e o tri brasileiro de 2006 a 2008.<\/p>\n<p>Ele tamb\u00e9m foi treinador do time tricolor em 2017, quando iniciava a nova carreira, mas acabou demitido ap\u00f3s elimina\u00e7\u00e3o na Copa Sul-Americana e com a equipe na zona de rebaixamento do Brasileiro.<\/p>\n<p>O ex-jogador substituir\u00e1 o espanhol Dom\u00e8nec Torrent, demitido na segunda ap\u00f3s a goleada sofrida pelo Flamengo por 4 a 0 para o Atl\u00e9tico-MG, pelo Campeonato Brasileiro.<\/p>\n<p>A diretoria carioca concordou em pagar multa rescis\u00f3ria de R$ 1 milh\u00e3o para tir\u00e1-lo do Fortaleza, equipe pela qual estava em sua segunda passagem. Ceni chega ao Rio acompanhado do preparador f\u00edsico Danilo Augusto e do auxiliar Charles Hembert. Ambos dever\u00e3o trabalhar com ele na G\u00e1vea.<\/p>\n<p>O treinador foi procurado pelo Flamengo quando embarcava para Salvador com a delega\u00e7\u00e3o do Fortaleza, que enfrentar\u00e1 o Bahia tamb\u00e9m nesta quarta, em jogo adiado do Brasileiro. A quest\u00e3o financeira nunca foi um problema. O valor da multa rescis\u00f3ria era considerado baixo pelo rubro-negro e o acerto do sal\u00e1rio foi r\u00e1pido.<\/p>\n<p>Os dois principais receios que Ceni tinha eram a passagem pelo Cruzeiro no ano passado e a possibilidade de deixar o Fortaleza em lit\u00edgio.<\/p>\n<p>Em agosto de 2019, ele havia sa\u00eddo do time cearense durante o Campeonato Brasileiro para trabalhar em Belo Horizonte. Foi demitido em menos de dois meses e retornou ao clube pelo qual conquistou quatro t\u00edtulos desde 2018 (S\u00e9rie B, Copa do Nordeste e duas vezes o Cearense).<\/p>\n<p>Por isso, o ex-goleiro pediu que houvesse um acordo entre Flamengo e Fortaleza.<\/p>\n<p>Ceni foi convencido de que a situa\u00e7\u00e3o agora \u00e9 muito diferente da que encontrou no Cruzeiro. A equipe mineira terminaria rebaixada para a S\u00e9rie B, al\u00e9m de viver grave crise financeira. O Flamengo \u00e9 o atual campe\u00e3o brasileiro e da Libertadores e um dos favoritos para venc\u00ea-los outra vez. O elenco \u00e9 avaliado como o mais forte do pa\u00eds.<\/p>\n<p>Com 35 pontos, o time est\u00e1 em terceiro na tabela do principal torneio nacional, um ponto atr\u00e1s do l\u00edder, o Internacional. Na Libertadores, enfrentar\u00e1 o Racing (ARG) pelas oitavas de final a partir do fim de novembro.<\/p>\n<p>O time carioca tinha inicialmente uma lista com cinco poss\u00edveis nomes para substituir Dom\u00e8nec Torrent, mas quatro desses s\u00f3 seriam analisados se o acerto com Rog\u00e9rio Ceni, prioridade do clube, n\u00e3o fosse concretizado.<\/p>\n<p>&nbsp;<\/p>\n<p><strong>Fonte: Folhapress<\/strong><\/p>\n<p>&nbsp;<\/p>\n","protected":false},"excerpt":{"rendered":"<p>O Flamengo anunciou na manh\u00e3 desta ter\u00e7a-feira (10) a chegada de Rog\u00e9rio Ceni, 47, para ser o novo treinador da equipe rubro-negra. Ele deixou o Fortaleza na segunda, ap\u00f3s receber proposta do clube carioca para ser o substituto do espanhol Dom\u00e8nec Torrent. O contrato vai at\u00e9 dezembro de 2021, e sua apresenta\u00e7\u00e3o est\u00e1 marcada para &hellip;<\/p>\n","protected":false},"author":1,"featured_media":10658,"comment_status":"open","ping_status":"open","sticky":false,"template":"","format":"standard","meta":{"_jetpack_newsletter_access":"","_jetpack_dont_email_post_to_subs":false,"_jetpack_newsletter_tier_id":0,"_jetpack_memberships_contains_paywalled_content":false,"_jetpack_memberships_contains_paid_content":false,"footnotes":""},"categories":[1],"tags":[],"class_list":["post-10657","post","type-post","status-publish","format-standard","has-post-thumbnail","hentry","category-destaque"],"jetpack_sharing_enabled":true,"jetpack_featured_media_url":"","_links":{"self":[{"href":"https:\/\/www.oparanews.com.br\/index.php\/wp-json\/wp\/v2\/posts\/10657","targetHints":{"allow":["GET"]}}],"collection":[{"href":"https:\/\/www.oparanews.com.br\/index.php\/wp-json\/wp\/v2\/posts"}],"about":[{"href":"https:\/\/www.oparanews.com.br\/index.php\/wp-json\/wp\/v2\/types\/post"}],"author":[{"embeddable":true,"href":"https:\/\/www.oparanews.com.br\/index.php\/wp-json\/wp\/v2\/users\/1"}],"replies":[{"embeddable":true,"href":"https:\/\/www.oparanews.com.br\/index.php\/wp-json\/wp\/v2\/comments?post=10657"}],"version-history":[{"count":0,"href":"https:\/\/www.oparanews.com.br\/index.php\/wp-json\/wp\/v2\/posts\/10657\/revisions"}],"wp:attachment":[{"href":"https:\/\/www.oparanews.com.br\/index.php\/wp-json\/wp\/v2\/media?parent=10657"}],"wp:term":[{"taxonomy":"category","embeddable":true,"href":"https:\/\/www.oparanews.com.br\/index.php\/wp-json\/wp\/v2\/categories?post=10657"},{"taxonomy":"post_tag","embeddable":true,"href":"https:\/\/www.oparanews.com.br\/index.php\/wp-json\/wp\/v2\/tags?post=10657"}],"curies":[{"name":"wp","href":"https:\/\/api.w.org\/{rel}","templated":true}]}}