{"id":10660,"date":"2020-11-11T13:06:24","date_gmt":"2020-11-11T13:06:24","guid":{"rendered":"https:\/\/oparanews.com.br\/?p=10660"},"modified":"2020-11-11T13:06:24","modified_gmt":"2020-11-11T13:06:24","slug":"acidente-entre-carro-e-treminhao-deixa-idoso-ferido-na-al-105","status":"publish","type":"post","link":"https:\/\/www.oparanews.com.br\/index.php\/2020\/11\/11\/acidente-entre-carro-e-treminhao-deixa-idoso-ferido-na-al-105\/","title":{"rendered":"Acidente entre carro e treminh\u00e3o deixa idoso ferido na AL-105"},"content":{"rendered":"<p>Um idoso de 61 anos ficou ferido na ter\u00e7a-feira (10) em um acidente entre um carro e um caminh\u00e3o na AL-105, em S\u00e3o Lu\u00eds do Quitunde. Ele foi socorrido para o HGE.<\/p>\n<p>De acordo com o Batalh\u00e3o de Pol\u00edcia Rodovi\u00e1rio (BPRv), Ozeias Mendes Lima, 61 anos, dirigia uma Amarok de cor branca. Ele bateu na traseira de um caminh\u00e3o que transportava cana-de-a\u00e7\u00facar.<\/p>\n<p>Lima ficou ferido e foi socorrido pelo Servi\u00e7o de Atendimento M\u00f3vel de Urg\u00eancia (Samu) para o Hospital Geral do Estado (HGE).<\/p>\n<p>Com o impacto a parte da frente do ve\u00edculo ficou danificada.<\/p>\n<p>&nbsp;<\/p>\n<p><strong>Fonte: G1\/AL<\/strong><\/p>\n<p>&nbsp;<\/p>\n","protected":false},"excerpt":{"rendered":"<p>Um idoso de 61 anos ficou ferido na ter\u00e7a-feira (10) em um acidente entre um carro e um caminh\u00e3o na AL-105, em S\u00e3o Lu\u00eds do Quitunde. Ele foi socorrido para o HGE. De acordo com o Batalh\u00e3o de Pol\u00edcia Rodovi\u00e1rio (BPRv), Ozeias Mendes Lima, 61 anos, dirigia uma Amarok de cor branca. Ele bateu na &hellip;<\/p>\n","protected":false},"author":1,"featured_media":10661,"comment_status":"open","ping_status":"open","sticky":false,"template":"","format":"standard","meta":{"_jetpack_newsletter_access":"","_jetpack_dont_email_post_to_subs":false,"_jetpack_newsletter_tier_id":0,"_jetpack_memberships_contains_paywalled_content":false,"_jetpack_memberships_contains_paid_content":false,"footnotes":""},"categories":[1],"tags":[],"class_list":["post-10660","post","type-post","status-publish","format-standard","has-post-thumbnail","hentry","category-destaque"],"jetpack_sharing_enabled":true,"jetpack_featured_media_url":"","_links":{"self":[{"href":"https:\/\/www.oparanews.com.br\/index.php\/wp-json\/wp\/v2\/posts\/10660","targetHints":{"allow":["GET"]}}],"collection":[{"href":"https:\/\/www.oparanews.com.br\/index.php\/wp-json\/wp\/v2\/posts"}],"about":[{"href":"https:\/\/www.oparanews.com.br\/index.php\/wp-json\/wp\/v2\/types\/post"}],"author":[{"embeddable":true,"href":"https:\/\/www.oparanews.com.br\/index.php\/wp-json\/wp\/v2\/users\/1"}],"replies":[{"embeddable":true,"href":"https:\/\/www.oparanews.com.br\/index.php\/wp-json\/wp\/v2\/comments?post=10660"}],"version-history":[{"count":0,"href":"https:\/\/www.oparanews.com.br\/index.php\/wp-json\/wp\/v2\/posts\/10660\/revisions"}],"wp:attachment":[{"href":"https:\/\/www.oparanews.com.br\/index.php\/wp-json\/wp\/v2\/media?parent=10660"}],"wp:term":[{"taxonomy":"category","embeddable":true,"href":"https:\/\/www.oparanews.com.br\/index.php\/wp-json\/wp\/v2\/categories?post=10660"},{"taxonomy":"post_tag","embeddable":true,"href":"https:\/\/www.oparanews.com.br\/index.php\/wp-json\/wp\/v2\/tags?post=10660"}],"curies":[{"name":"wp","href":"https:\/\/api.w.org\/{rel}","templated":true}]}}