{"id":10668,"date":"2020-11-11T13:11:46","date_gmt":"2020-11-11T13:11:46","guid":{"rendered":"https:\/\/oparanews.com.br\/?p=10668"},"modified":"2020-11-11T13:11:46","modified_gmt":"2020-11-11T13:11:46","slug":"policiais-civis-de-alagoas-paralisam-as-atividades-por-48-horas","status":"publish","type":"post","link":"https:\/\/www.oparanews.com.br\/index.php\/2020\/11\/11\/policiais-civis-de-alagoas-paralisam-as-atividades-por-48-horas\/","title":{"rendered":"Policiais civis de Alagoas paralisam as atividades por 48 horas"},"content":{"rendered":"<p>Policiais civis de Alagoas iniciaram nesta quarta-feira (11) uma paralisa\u00e7\u00e3o de 48 horas. Segundo o sindicato da categoria, falta di\u00e1logo por parte do governo sobre reivindica\u00e7\u00f5es como valoriza\u00e7\u00e3o e melhorias das condi\u00e7\u00f5es de trabalho.<\/p>\n<p>A reportagem entrou em contato com a Secretaria de Estado do Planejamento, Gest\u00e3o e Patrim\u00f4nio (Seplag) \u00e0s 9h20 e aguarda retorno sobre a cobran\u00e7a dos policiais.<\/p>\n<p>A paralisa\u00e7\u00e3o teve in\u00edcio por volta de 8h30. Com isso, ser\u00e1 realizado apenas um flagrante por vez com a presen\u00e7a do delegado, n\u00e3o ser\u00e3o realizadas oitivas (interrogat\u00f3rios, depoimentos e declara\u00e7\u00f5es) e n\u00e3o ser\u00e3o feitos Boletins de Ocorr\u00eancia (com exce\u00e7\u00e3o de BOs de estupro, Servi\u00e7o de Verifica\u00e7\u00e3o de \u00d3bitos, flagrantes e homic\u00eddios).<\/p>\n<p>Os agentes tamb\u00e9m n\u00e3o ir\u00e3o \u00e0s ruas para o cumprimento de mandados de pris\u00e3o e de busca e apreens\u00e3o, bem como n\u00e3o ir\u00e3o para opera\u00e7\u00f5es policiais.<\/p>\n<p>Os trabalhos s\u00f3 devem ser retomados na sexta-feira (12).<\/p>\n<p>Nas primeiras horas da mobiliza\u00e7\u00e3o, a categoria fez um ato em frente \u00e0 Central de Flagrantes I, em Macei\u00f3.<\/p>\n<p>&#8220;O governador concedeu reajuste salarial aos delegados, aos policiais militares e acatou reivindica\u00e7\u00f5es de v\u00e1rias categorias da seguran\u00e7a p\u00fablica, mas trata com descaso os pleitos dos policiais civis&#8221;, disse o presidente do Sindpol, Ricardo Naz\u00e1rio.<\/p>\n<p>&nbsp;<\/p>\n<p><strong>Fonte: G1\/AL<\/strong><\/p>\n<p>&nbsp;<\/p>\n","protected":false},"excerpt":{"rendered":"<p>Policiais civis de Alagoas iniciaram nesta quarta-feira (11) uma paralisa\u00e7\u00e3o de 48 horas. Segundo o sindicato da categoria, falta di\u00e1logo por parte do governo sobre reivindica\u00e7\u00f5es como valoriza\u00e7\u00e3o e melhorias das condi\u00e7\u00f5es de trabalho. A reportagem entrou em contato com a Secretaria de Estado do Planejamento, Gest\u00e3o e Patrim\u00f4nio (Seplag) \u00e0s 9h20 e aguarda retorno &hellip;<\/p>\n","protected":false},"author":1,"featured_media":10669,"comment_status":"open","ping_status":"open","sticky":false,"template":"","format":"standard","meta":{"_jetpack_newsletter_access":"","_jetpack_dont_email_post_to_subs":false,"_jetpack_newsletter_tier_id":0,"_jetpack_memberships_contains_paywalled_content":false,"_jetpack_memberships_contains_paid_content":false,"footnotes":""},"categories":[1],"tags":[],"class_list":["post-10668","post","type-post","status-publish","format-standard","has-post-thumbnail","hentry","category-destaque"],"jetpack_sharing_enabled":true,"jetpack_featured_media_url":"","_links":{"self":[{"href":"https:\/\/www.oparanews.com.br\/index.php\/wp-json\/wp\/v2\/posts\/10668","targetHints":{"allow":["GET"]}}],"collection":[{"href":"https:\/\/www.oparanews.com.br\/index.php\/wp-json\/wp\/v2\/posts"}],"about":[{"href":"https:\/\/www.oparanews.com.br\/index.php\/wp-json\/wp\/v2\/types\/post"}],"author":[{"embeddable":true,"href":"https:\/\/www.oparanews.com.br\/index.php\/wp-json\/wp\/v2\/users\/1"}],"replies":[{"embeddable":true,"href":"https:\/\/www.oparanews.com.br\/index.php\/wp-json\/wp\/v2\/comments?post=10668"}],"version-history":[{"count":0,"href":"https:\/\/www.oparanews.com.br\/index.php\/wp-json\/wp\/v2\/posts\/10668\/revisions"}],"wp:attachment":[{"href":"https:\/\/www.oparanews.com.br\/index.php\/wp-json\/wp\/v2\/media?parent=10668"}],"wp:term":[{"taxonomy":"category","embeddable":true,"href":"https:\/\/www.oparanews.com.br\/index.php\/wp-json\/wp\/v2\/categories?post=10668"},{"taxonomy":"post_tag","embeddable":true,"href":"https:\/\/www.oparanews.com.br\/index.php\/wp-json\/wp\/v2\/tags?post=10668"}],"curies":[{"name":"wp","href":"https:\/\/api.w.org\/{rel}","templated":true}]}}