{"id":10671,"date":"2020-11-11T17:22:38","date_gmt":"2020-11-11T17:22:38","guid":{"rendered":"https:\/\/oparanews.com.br\/?p=10671"},"modified":"2020-11-11T17:22:38","modified_gmt":"2020-11-11T17:22:38","slug":"mourao-defende-bolsonaro-por-declaracao-sobre-polvora","status":"publish","type":"post","link":"https:\/\/www.oparanews.com.br\/index.php\/2020\/11\/11\/mourao-defende-bolsonaro-por-declaracao-sobre-polvora\/","title":{"rendered":"Mour\u00e3o defende Bolsonaro por declara\u00e7\u00e3o sobre &#8216;p\u00f3lvora&#8217;"},"content":{"rendered":"<p>O vice-presidente Hamilton Mour\u00e3o disse nesta quarta-feira, 11, que a declara\u00e7\u00e3o do presidente Jair Bolsonaro sobre usar &#8220;p\u00f3lvora&#8221; para proteger a Amaz\u00f4nia \u00e9 uma refer\u00eancia a um &#8220;aforismo antigo&#8221;. Mour\u00e3o evitou entrar em mais detalhes sobre o discurso dessa ter\u00e7a-feira, 10, do presidente. Ele avaliou, contudo, que a fala de Bolsonaro n\u00e3o deve causar consequ\u00eancias \u00e0s rela\u00e7\u00f5es com os Estados Unidos.<\/p>\n<p>&#8220;Acho que ele se referiu a um aforismo antigo que diz que quando acaba a diplomacia entram os canh\u00f5es, foi isso que ele se referiu&#8221;, afirmou na chegada \u00e0 vice-presid\u00eancia. Ontem, em evento no Pal\u00e1cio do Planalto, Bolsonaro afirmou que &#8220;quando acaba a saliva tem que ter p\u00f3lvora&#8221;, ao citar poss\u00edveis san\u00e7\u00f5es econ\u00f4micas dos Estados Unidos ao Brasil caso o desmatamento na Amaz\u00f4nia n\u00e3o seja controlado.<\/p>\n<p>&#8220;Assistimos h\u00e1 pouco um grande candidato \u00e0 chefia de Estado dizendo que, se eu n\u00e3o apagar o fogo da Amaz\u00f4nia, ele vai levantar barreiras comerciais contra o Brasil. E como \u00e9 que podemos fazer frente a tudo isso? Apenas pela diplomacia n\u00e3o d\u00e1&#8221;, declarou Bolsonaro nesta ter\u00e7a, sem citar o nome de Joe Biden.<\/p>\n<p>O governo brasileiro \u00e9 um dos poucos que ainda n\u00e3o se pronunciram sobre a vit\u00f3ria do democrata nas elei\u00e7\u00f5es americanas. Aliado de Donald Trump, Bolsonaro aguarda o fim das a\u00e7\u00f5es judiciais movidas pelo atual presidente americano, que ainda n\u00e3o admitiu derrota.<\/p>\n<p>Questionado se a fala de Bolsonaro poderia trazer consequ\u00eancias para a rela\u00e7\u00e3o diplom\u00e1tica com os EUA, uma vez que o Brasil ainda n\u00e3o reconheceu a vit\u00f3ria de Biden, o vice-presidente minimizou o ocorrido e pediu calma. &#8220;N\u00e3o causa nada. Isso a\u00ed tudo \u00e9 figura de ret\u00f3rica, vamos aguardar, d\u00ea tempo ao tempo&#8221;, disse Mour\u00e3o.<\/p>\n<p>Mour\u00e3o x Bolsonaro<\/p>\n<p>O vice-presidente tamb\u00e9m colocou panos quentes na rela\u00e7\u00e3o com Bolsonaro e negou que n\u00e3o estejam conversando. &#8220;Eu falei com o presidente na segunda-feira, p\u00f4. Voc\u00eas n\u00e3o viram na cerim\u00f4nia que est\u00e1vamos os dois lado a lado conversando?&#8221;, perguntou aos jornalistas hoje. Na segunda, 9, os dois estiveram juntos em evento no Planalto relacionado ao Programa P\u00e1tria Volunt\u00e1ria.<\/p>\n<p>Na conversa com a imprensa nesta quarta, Mour\u00e3o citou ainda que tem uma rela\u00e7\u00e3o &#8220;\u00e9tica e de lealdade&#8221; com o chefe do Executivo. O distanciamento entre o vice-presidente e Bolsonaro foi exposto, contudo, pelo pr\u00f3prio presidente. Na segunda-feira de noite, Bolsonaro disse em entrevista \u00e0 emissora CNN Brasil que n\u00e3o estava falando com Mour\u00e3o sobre &#8220;qualquer assunto&#8221;.<\/p>\n<p>O chefe do Planalto deu a declara\u00e7\u00e3o ao comentar fala de Mour\u00e3o, que afirmou que &#8220;na hora certa&#8221; o Brasil iria cumprimentar o novo eleito para presidente nos Estados Unidos. &#8220;O que ele (Hamilton Mour\u00e3o) falou sobre os Estados Unidos \u00e9 opini\u00e3o dele. Eu nunca conversei com o Mour\u00e3o sobre assuntos dos Estados Unidos, como n\u00e3o tenho falado sobre qualquer outro assunto com ele&#8221;, disse Bolsonaro \u00e0 CNN.<\/p>\n<p>Sobre a fala, Mour\u00e3o adotou ontem uma postura pacificadora e se limitou a comentar que a sua vis\u00e3o \u00e9 que o Bolsonaro est\u00e1 &#8220;aguardando&#8221; para se pronunciar sobre o resultados das elei\u00e7\u00f5es nos EUA.<\/p>\n<p>&nbsp;<\/p>\n<p><strong>Fonte: Terra<\/strong><\/p>\n<p>&nbsp;<\/p>\n","protected":false},"excerpt":{"rendered":"<p>O vice-presidente Hamilton Mour\u00e3o disse nesta quarta-feira, 11, que a declara\u00e7\u00e3o do presidente Jair Bolsonaro sobre usar &#8220;p\u00f3lvora&#8221; para proteger a Amaz\u00f4nia \u00e9 uma refer\u00eancia a um &#8220;aforismo antigo&#8221;. Mour\u00e3o evitou entrar em mais detalhes sobre o discurso dessa ter\u00e7a-feira, 10, do presidente. Ele avaliou, contudo, que a fala de Bolsonaro n\u00e3o deve causar consequ\u00eancias &hellip;<\/p>\n","protected":false},"author":1,"featured_media":10672,"comment_status":"open","ping_status":"open","sticky":false,"template":"","format":"standard","meta":{"_jetpack_newsletter_access":"","_jetpack_dont_email_post_to_subs":false,"_jetpack_newsletter_tier_id":0,"_jetpack_memberships_contains_paywalled_content":false,"_jetpack_memberships_contains_paid_content":false,"footnotes":""},"categories":[1],"tags":[],"class_list":["post-10671","post","type-post","status-publish","format-standard","has-post-thumbnail","hentry","category-destaque"],"jetpack_sharing_enabled":true,"jetpack_featured_media_url":"","_links":{"self":[{"href":"https:\/\/www.oparanews.com.br\/index.php\/wp-json\/wp\/v2\/posts\/10671","targetHints":{"allow":["GET"]}}],"collection":[{"href":"https:\/\/www.oparanews.com.br\/index.php\/wp-json\/wp\/v2\/posts"}],"about":[{"href":"https:\/\/www.oparanews.com.br\/index.php\/wp-json\/wp\/v2\/types\/post"}],"author":[{"embeddable":true,"href":"https:\/\/www.oparanews.com.br\/index.php\/wp-json\/wp\/v2\/users\/1"}],"replies":[{"embeddable":true,"href":"https:\/\/www.oparanews.com.br\/index.php\/wp-json\/wp\/v2\/comments?post=10671"}],"version-history":[{"count":0,"href":"https:\/\/www.oparanews.com.br\/index.php\/wp-json\/wp\/v2\/posts\/10671\/revisions"}],"wp:attachment":[{"href":"https:\/\/www.oparanews.com.br\/index.php\/wp-json\/wp\/v2\/media?parent=10671"}],"wp:term":[{"taxonomy":"category","embeddable":true,"href":"https:\/\/www.oparanews.com.br\/index.php\/wp-json\/wp\/v2\/categories?post=10671"},{"taxonomy":"post_tag","embeddable":true,"href":"https:\/\/www.oparanews.com.br\/index.php\/wp-json\/wp\/v2\/tags?post=10671"}],"curies":[{"name":"wp","href":"https:\/\/api.w.org\/{rel}","templated":true}]}}