{"id":10677,"date":"2020-11-11T17:32:17","date_gmt":"2020-11-11T17:32:17","guid":{"rendered":"https:\/\/oparanews.com.br\/?p=10677"},"modified":"2020-11-11T17:32:17","modified_gmt":"2020-11-11T17:32:17","slug":"rede-estadual-de-sp-nao-vai-reprovar-por-desempenho-este-ano","status":"publish","type":"post","link":"https:\/\/www.oparanews.com.br\/index.php\/2020\/11\/11\/rede-estadual-de-sp-nao-vai-reprovar-por-desempenho-este-ano\/","title":{"rendered":"Rede estadual de SP n\u00e3o vai reprovar por desempenho este ano"},"content":{"rendered":"<p>Os estudantes da rede estadual de S\u00e3o Paulo de todas as s\u00e9ries n\u00e3o ser\u00e3o reprovados por desempenho este ano e ser\u00e3o matriculados no ano seguinte em regime de progress\u00e3o continuada. A informa\u00e7\u00e3o foi confirmada nesta quarta-feira, 11, pelo secret\u00e1rio de Educa\u00e7\u00e3o do Estado de S\u00e3o Paulo, Rossieli Soares. Cada estudante, por\u00e9m, ter\u00e1 de entregar um m\u00ednimo de atividades. A pasta calcula que 15% dos alunos da rede n\u00e3o entregaram nenhuma das atividades.<\/p>\n<p>A Secretaria do Estado da Educa\u00e7\u00e3o (Seduc) homologou nesta quarta uma resolu\u00e7\u00e3o aprovada pelo Conselho Estadual da Educa\u00e7\u00e3o. O texto indica que &#8220;os estudantes de todos os anos do ensino fundamental e da 1\u00aa e 2\u00aa s\u00e9ries do ensino m\u00e9dio devem ser matriculados no ano\/s\u00e9rie subsequente em 2021 em regime de progress\u00e3o continuada&#8221;.<\/p>\n<p>Os anos letivos de 2020 e 2021 dever\u00e3o ser considerados como um cont\u00ednuo. O primeiro bimestre do ano que vem, por exemplo, ser\u00e1 considerado o 5\u00ba bimestre deste cont\u00ednuo.<\/p>\n<p>Segundo Rossieli, cada estudante, por\u00e9m, ter\u00e1 de apresentar um m\u00ednimo de atividades realizadas &#8211; a defini\u00e7\u00e3o de qual ser\u00e1 esse m\u00ednimo caber\u00e1 a cada escola. Alunos do 3.\u00ba ano do ensino m\u00e9dio, o \u00faltimo da educa\u00e7\u00e3o b\u00e1sica, que n\u00e3o tiverem entregado nenhuma das atividades enviadas pelos professores n\u00e3o dever\u00e3o receber o diploma. &#8220;Nossa orienta\u00e7\u00e3o para as escolas estaduais \u00e9 que o aluno deve seguir sua trajet\u00f3ria escolar&#8221;, disse o secret\u00e1rio. Caso o estudante do 3.\u00ba ano tenha participado minimamente, ser\u00e1 aprovado.<\/p>\n<p>O secret\u00e1rio disse que 15% dos alunos n\u00e3o entregaram nenhuma das atividades at\u00e9 agora. Isso corresponde a mais de 500 mil estudantes. &#8220;Sentimos esse des\u00e2nimo acontecendo&#8221;, reconheceu Rossieli. Segundo o secret\u00e1rio, dever\u00e1 ser refor\u00e7ada a busca ativa dos estudantes &#8211; com uso de diferentes recursos como mensagens de celular. &#8220;Temos in\u00fameras frentes e vamos refor\u00e7ar ainda mais.&#8221;<\/p>\n<p>Planejamento para 2021<\/p>\n<p>Em janeiro do ano que vem, dever\u00e1 haver refor\u00e7o escolar nas unidades estaduais. A Secretaria prev\u00ea semanas de estudos intensivos para a recupera\u00e7\u00e3o das aprendizagens dos alunos. Segundo o secret\u00e1rio, 10 mil professores ser\u00e3o contratados para essas atividades. Como o Estad\u00e3o mostrou, a rede estadual prev\u00ea que salas de aula com mais alunos em dificuldades tenham docentes extras.<\/p>\n<p>O ano letivo dever\u00e1 come\u00e7ar em 1\u00ba de fevereiro &#8211; uma avalia\u00e7\u00e3o diagn\u00f3stica ser\u00e1 aplicada logo no in\u00edcio do ano letivo para medir o que os alunos aprenderam. A pasta trabalha com a possibilidade de aulas 100% presenciais no ano de 2021.<\/p>\n<p>&nbsp;<\/p>\n<p><strong>Fonte: Terra<\/strong><\/p>\n","protected":false},"excerpt":{"rendered":"<p>Os estudantes da rede estadual de S\u00e3o Paulo de todas as s\u00e9ries n\u00e3o ser\u00e3o reprovados por desempenho este ano e ser\u00e3o matriculados no ano seguinte em regime de progress\u00e3o continuada. A informa\u00e7\u00e3o foi confirmada nesta quarta-feira, 11, pelo secret\u00e1rio de Educa\u00e7\u00e3o do Estado de S\u00e3o Paulo, Rossieli Soares. Cada estudante, por\u00e9m, ter\u00e1 de entregar um &hellip;<\/p>\n","protected":false},"author":1,"featured_media":10678,"comment_status":"open","ping_status":"open","sticky":false,"template":"","format":"standard","meta":{"_jetpack_newsletter_access":"","_jetpack_dont_email_post_to_subs":false,"_jetpack_newsletter_tier_id":0,"_jetpack_memberships_contains_paywalled_content":false,"_jetpack_memberships_contains_paid_content":false,"footnotes":""},"categories":[1],"tags":[],"class_list":["post-10677","post","type-post","status-publish","format-standard","has-post-thumbnail","hentry","category-destaque"],"jetpack_sharing_enabled":true,"jetpack_featured_media_url":"","_links":{"self":[{"href":"https:\/\/www.oparanews.com.br\/index.php\/wp-json\/wp\/v2\/posts\/10677","targetHints":{"allow":["GET"]}}],"collection":[{"href":"https:\/\/www.oparanews.com.br\/index.php\/wp-json\/wp\/v2\/posts"}],"about":[{"href":"https:\/\/www.oparanews.com.br\/index.php\/wp-json\/wp\/v2\/types\/post"}],"author":[{"embeddable":true,"href":"https:\/\/www.oparanews.com.br\/index.php\/wp-json\/wp\/v2\/users\/1"}],"replies":[{"embeddable":true,"href":"https:\/\/www.oparanews.com.br\/index.php\/wp-json\/wp\/v2\/comments?post=10677"}],"version-history":[{"count":0,"href":"https:\/\/www.oparanews.com.br\/index.php\/wp-json\/wp\/v2\/posts\/10677\/revisions"}],"wp:attachment":[{"href":"https:\/\/www.oparanews.com.br\/index.php\/wp-json\/wp\/v2\/media?parent=10677"}],"wp:term":[{"taxonomy":"category","embeddable":true,"href":"https:\/\/www.oparanews.com.br\/index.php\/wp-json\/wp\/v2\/categories?post=10677"},{"taxonomy":"post_tag","embeddable":true,"href":"https:\/\/www.oparanews.com.br\/index.php\/wp-json\/wp\/v2\/tags?post=10677"}],"curies":[{"name":"wp","href":"https:\/\/api.w.org\/{rel}","templated":true}]}}