{"id":10686,"date":"2020-11-11T17:41:24","date_gmt":"2020-11-11T17:41:24","guid":{"rendered":"https:\/\/oparanews.com.br\/?p=10686"},"modified":"2020-11-11T17:41:24","modified_gmt":"2020-11-11T17:41:24","slug":"estado-confirma-101-casos-e-quatro-mortes-por-covid-19-em-24-h","status":"publish","type":"post","link":"https:\/\/www.oparanews.com.br\/index.php\/2020\/11\/11\/estado-confirma-101-casos-e-quatro-mortes-por-covid-19-em-24-h\/","title":{"rendered":"Estado confirma 101 casos e quatro mortes por Covid-19 em 24 h"},"content":{"rendered":"<p>Alagoas confirmou 101 novos casos e mais quatro mortes por Covid-19. O estado contabiliza 92.040 casos e 2.282 \u00f3bitos causados pela doen\u00e7a. Os n\u00fameros s\u00e3o do boletim epidemiol\u00f3gico da Secretaria de Estado da Sa\u00fade (Sesau) desta quarta-feira (11).<\/p>\n<p>O total de casos suspeitos \u00e9 1.270. E o n\u00famero de pacientes recuperados da Covid-19 chegou a 88.979.<\/p>\n<p>A taxa de ocupa\u00e7\u00e3o de leitos para pacientes com suspeita ou confirma\u00e7\u00e3o de infec\u00e7\u00e3o pelo novo coronav\u00edrus est\u00e1 em 18%. Considerando somente os leitos de UTI, o percentual \u00e9 de 35%.<\/p>\n<p>Mais quatro mortes por Covid-19<\/p>\n<p>Macei\u00f3: Homem, 87 anos \u2013 doente card\u00edaco cr\u00f4nico<br \/>\nCol\u00f4nia Leopoldina: Mulher, 57 anos \u2013 diab\u00e9tica<br \/>\nPalmeira dos \u00cdndios: Mulher, 84 anos \u2013 sem comorbidades<br \/>\nUni\u00e3o dos Palmares: Homem, 80 anos \u2013 hipertenso, diab\u00e9tico e tinha insufici\u00eancia card\u00edaca congestiva<\/p>\n<p>&nbsp;<\/p>\n<p><strong>Fonte: G1\/AL<\/strong><\/p>\n<p>&nbsp;<\/p>\n","protected":false},"excerpt":{"rendered":"<p>Alagoas confirmou 101 novos casos e mais quatro mortes por Covid-19. O estado contabiliza 92.040 casos e 2.282 \u00f3bitos causados pela doen\u00e7a. Os n\u00fameros s\u00e3o do boletim epidemiol\u00f3gico da Secretaria de Estado da Sa\u00fade (Sesau) desta quarta-feira (11). O total de casos suspeitos \u00e9 1.270. E o n\u00famero de pacientes recuperados da Covid-19 chegou a &hellip;<\/p>\n","protected":false},"author":1,"featured_media":8832,"comment_status":"open","ping_status":"open","sticky":false,"template":"","format":"standard","meta":{"_jetpack_newsletter_access":"","_jetpack_dont_email_post_to_subs":false,"_jetpack_newsletter_tier_id":0,"_jetpack_memberships_contains_paywalled_content":false,"_jetpack_memberships_contains_paid_content":false,"footnotes":""},"categories":[1],"tags":[],"class_list":["post-10686","post","type-post","status-publish","format-standard","has-post-thumbnail","hentry","category-destaque"],"jetpack_sharing_enabled":true,"jetpack_featured_media_url":"","_links":{"self":[{"href":"https:\/\/www.oparanews.com.br\/index.php\/wp-json\/wp\/v2\/posts\/10686","targetHints":{"allow":["GET"]}}],"collection":[{"href":"https:\/\/www.oparanews.com.br\/index.php\/wp-json\/wp\/v2\/posts"}],"about":[{"href":"https:\/\/www.oparanews.com.br\/index.php\/wp-json\/wp\/v2\/types\/post"}],"author":[{"embeddable":true,"href":"https:\/\/www.oparanews.com.br\/index.php\/wp-json\/wp\/v2\/users\/1"}],"replies":[{"embeddable":true,"href":"https:\/\/www.oparanews.com.br\/index.php\/wp-json\/wp\/v2\/comments?post=10686"}],"version-history":[{"count":0,"href":"https:\/\/www.oparanews.com.br\/index.php\/wp-json\/wp\/v2\/posts\/10686\/revisions"}],"wp:attachment":[{"href":"https:\/\/www.oparanews.com.br\/index.php\/wp-json\/wp\/v2\/media?parent=10686"}],"wp:term":[{"taxonomy":"category","embeddable":true,"href":"https:\/\/www.oparanews.com.br\/index.php\/wp-json\/wp\/v2\/categories?post=10686"},{"taxonomy":"post_tag","embeddable":true,"href":"https:\/\/www.oparanews.com.br\/index.php\/wp-json\/wp\/v2\/tags?post=10686"}],"curies":[{"name":"wp","href":"https:\/\/api.w.org\/{rel}","templated":true}]}}