{"id":10693,"date":"2020-11-12T13:03:05","date_gmt":"2020-11-12T13:03:05","guid":{"rendered":"https:\/\/oparanews.com.br\/?p=10693"},"modified":"2020-11-12T13:03:05","modified_gmt":"2020-11-12T13:03:05","slug":"ronaldo-lopes-e-o-nome-mais-competente-para-realizar-os-sonhos-de-penedo-afirma-renan-filho","status":"publish","type":"post","link":"https:\/\/www.oparanews.com.br\/index.php\/2020\/11\/12\/ronaldo-lopes-e-o-nome-mais-competente-para-realizar-os-sonhos-de-penedo-afirma-renan-filho\/","title":{"rendered":"\u201cRonaldo Lopes \u00e9 o nome mais competente para realizar os sonhos de Penedo\u201d, afirma Renan Filho"},"content":{"rendered":"<p>Milhares de penedenses prestigiaram a caminhada e o com\u00edcio de Ronaldo Lopes\/Jo\u00e3o Lucas realizados na noite desta quarta-feira, 11, em Penedo. No meio do povo, o governador Renan Filho sentiu o carinho da popula\u00e7\u00e3o por ele e por seu principal aliado na cidade contemplada com investimentos em todas as \u00e1reas, desde o in\u00edcio de sua gest\u00e3o.<\/p>\n<p><a href=\"https:\/\/oparanews.com.br\/wp-content\/uploads\/2020\/11\/IMG-20201112-WA0005.jpg\"><img loading=\"lazy\" decoding=\"async\" class=\"aligncenter size-full wp-image-10696\" src=\"https:\/\/oparanews.com.br\/wp-content\/uploads\/2020\/11\/IMG-20201112-WA0005.jpg\" alt=\"\" width=\"1280\" height=\"720\" \/><\/a><\/p>\n<p>A caminhada democr\u00e1tica, realizada em clima de paz e alegria, arrastou uma multid\u00e3o da Cohab at\u00e9 a Vila Matias. A cada passo da Rota do Avan\u00e7o, a boa receptividade do povo penedense era demonstrada com um gesto de amor, um aceno festivo e um brilho no olhar dos moradores em dire\u00e7\u00e3o a Renanzinho, Ronaldo e Jo\u00e3o Lucas.<\/p>\n<p>Do alto da responsabilidade que o coloca com 80% da aprova\u00e7\u00e3o dos penedenses ao seu governo, Renan Filho sentiu-se \u00e0 vontade para passar dicas da receita de uma administra\u00e7\u00e3o de sucesso.<\/p>\n<p>Al\u00e9m da compet\u00eancia e da determina\u00e7\u00e3o para fazer as coisas acontecerem, virtudes encontradas em Ronaldo Lopes e reconhecidas at\u00e9 por seus advers\u00e1rios, o governador destacou a necessidade de montar uma equipe de alto n\u00edvel t\u00e9cnico, com pessoas da cidade capazes de realizar bons projetos.<\/p>\n<p>\u201cFormar as parcerias necess\u00e1rias para viabilizar, com o governo de Alagoas e com o governo federal, recursos para realizar obras importantes\u201d, acrescentou Renan Filho sobre aspecto abordado por Ronaldo Lopes durante entrevista que concedeu ao radialista Alves Correia antes da caminhada que conclui a agenda de atos p\u00fablicos da chapa do MDB em Penedo.<\/p>\n<p><a href=\"https:\/\/oparanews.com.br\/wp-content\/uploads\/2020\/11\/IMG-20201112-WA0002.jpg\"><img loading=\"lazy\" decoding=\"async\" class=\"aligncenter size-full wp-image-10694\" src=\"https:\/\/oparanews.com.br\/wp-content\/uploads\/2020\/11\/IMG-20201112-WA0002.jpg\" alt=\"\" width=\"1280\" height=\"853\" \/><\/a><\/p>\n<p>\u201cDeputados e senadores gostam de trabalhar comigo porque sabem que eu vou transformar as emendas que eles destinam em melhorias para a qualidade de vida da popula\u00e7\u00e3o\u201d, afirmou Lopes na Grande Rio FM.<\/p>\n<p>Formado em Engenharia Civil e vice-prefeito de Penedo desde 2013, o melhor candidato \u00e0 sucess\u00e3o de Marcius Beltr\u00e3o \u00e9 respons\u00e1vel por fazer Penedo avan\u00e7ar em termos de infraestrutura e tornar-se mais preparada para receber novos investimentos, em setores diferentes da economia.<\/p>\n<p>\u201cEu sei que Ronaldo \u00e9 o nome mais competente para realizar os sonhos de Penedo \u00e0 frente da prefeitura. Sem d\u00favida alguma, ele est\u00e1 preparado para realizar uma administra\u00e7\u00e3o realizadora e ainda melhor do que as administra\u00e7\u00f5es brilhantes do prefeito Marcius!\u201d, afirmou Renan Filho no ato que tamb\u00e9m entra para a hist\u00f3ria da pol\u00edtica penedense por sua dimens\u00e3o, import\u00e2ncia e reafirma\u00e7\u00e3o de uma alian\u00e7a pol\u00edtica capaz de gerar \u00f3timos resultados para Penedo.<\/p>\n<p>&nbsp;<\/p>\n<p><strong>Fonte: Assessoria<\/strong><\/p>\n<p>&nbsp;<\/p>\n","protected":false},"excerpt":{"rendered":"<p>Milhares de penedenses prestigiaram a caminhada e o com\u00edcio de Ronaldo Lopes\/Jo\u00e3o Lucas realizados na noite desta quarta-feira, 11, em Penedo. No meio do povo, o governador Renan Filho sentiu o carinho da popula\u00e7\u00e3o por ele e por seu principal aliado na cidade contemplada com investimentos em todas as \u00e1reas, desde o in\u00edcio de sua &hellip;<\/p>\n","protected":false},"author":1,"featured_media":10695,"comment_status":"open","ping_status":"open","sticky":false,"template":"","format":"standard","meta":{"_jetpack_newsletter_access":"","_jetpack_dont_email_post_to_subs":false,"_jetpack_newsletter_tier_id":0,"_jetpack_memberships_contains_paywalled_content":false,"_jetpack_memberships_contains_paid_content":false,"footnotes":""},"categories":[1],"tags":[],"class_list":["post-10693","post","type-post","status-publish","format-standard","has-post-thumbnail","hentry","category-destaque"],"jetpack_sharing_enabled":true,"jetpack_featured_media_url":"","_links":{"self":[{"href":"https:\/\/www.oparanews.com.br\/index.php\/wp-json\/wp\/v2\/posts\/10693","targetHints":{"allow":["GET"]}}],"collection":[{"href":"https:\/\/www.oparanews.com.br\/index.php\/wp-json\/wp\/v2\/posts"}],"about":[{"href":"https:\/\/www.oparanews.com.br\/index.php\/wp-json\/wp\/v2\/types\/post"}],"author":[{"embeddable":true,"href":"https:\/\/www.oparanews.com.br\/index.php\/wp-json\/wp\/v2\/users\/1"}],"replies":[{"embeddable":true,"href":"https:\/\/www.oparanews.com.br\/index.php\/wp-json\/wp\/v2\/comments?post=10693"}],"version-history":[{"count":0,"href":"https:\/\/www.oparanews.com.br\/index.php\/wp-json\/wp\/v2\/posts\/10693\/revisions"}],"wp:attachment":[{"href":"https:\/\/www.oparanews.com.br\/index.php\/wp-json\/wp\/v2\/media?parent=10693"}],"wp:term":[{"taxonomy":"category","embeddable":true,"href":"https:\/\/www.oparanews.com.br\/index.php\/wp-json\/wp\/v2\/categories?post=10693"},{"taxonomy":"post_tag","embeddable":true,"href":"https:\/\/www.oparanews.com.br\/index.php\/wp-json\/wp\/v2\/tags?post=10693"}],"curies":[{"name":"wp","href":"https:\/\/api.w.org\/{rel}","templated":true}]}}