{"id":10698,"date":"2020-11-12T18:45:21","date_gmt":"2020-11-12T18:45:21","guid":{"rendered":"https:\/\/oparanews.com.br\/?p=10698"},"modified":"2020-11-12T18:45:21","modified_gmt":"2020-11-12T18:45:21","slug":"justica-determina-retirada-de-fake-news-publicada-por-ivana-toledo-e-marcio-lobo","status":"publish","type":"post","link":"https:\/\/www.oparanews.com.br\/index.php\/2020\/11\/12\/justica-determina-retirada-de-fake-news-publicada-por-ivana-toledo-e-marcio-lobo\/","title":{"rendered":"Justi\u00e7a determina retirada de fake news publicada por Ivana Toledo e Marcio Lobo"},"content":{"rendered":"<p>O juiz eleitoral de Penedo, Dr. Claudemiro Avelino de Souza, determinou a retirada de fake news publicada pela candidata Ivana Toledo (Partido Progressista) em sua p\u00e1gina no Facebook.<\/p>\n<p>A decis\u00e3o efetivada nesta quarta-feira, 11 de novembro, \u00e9 estensiva ao radialista M\u00e1rcio Lobo, em seu perfil pessoal na mesma rede social, tamb\u00e9m notificada sobre a retirada.<\/p>\n<p>A postagem caracterizada como propaganda eleitoral \u00e9 considerada ofensiva contra a honra e a imagem do candidato Ronaldo Lopes.<\/p>\n<p>De forma covarde, o empres\u00e1rio \u00e9 v\u00edtima de ataques infundados registrados em v\u00eddeo que devem ser apagados, de forma definitiva, das redes sociais de Ivana Toledo e M\u00e1rcio Lobo.<\/p>\n<p>\u201c(&#8230;)a publica\u00e7\u00e3o em tela esbarra nos limites da liberdade de express\u00e3o e passa a afrontar os princ\u00edpios da dignidade da pessoa humana, direito \u00e0 honra e \u00e0 imagem do ofendido, raz\u00e3o pela qual deve ser deferido, em car\u00e1ter liminar, o pedido de retirada do referido conte\u00fado nas inser\u00e7\u00f5es di\u00e1rias e no hor\u00e1rio eleitoral gratuito, bem como a proibi\u00e7\u00e3o de divulga\u00e7\u00e3o em redes sociais\u201d, descreve o Dr. Claudemiro Avelino na senten\u00e7a.<\/p>\n<p>A decis\u00e3o do juiz eleitoral estipula ainda o pagamento de multa que pode chegar a R$ 30.000,00 (trinta mil reais) em caso de descumprimento da decis\u00e3o.<\/p>\n<p>Tanto a candidata a prefeita de Penedo condenada por improbidade administrativa quanto o radialista que recebeu a devida assist\u00eancia da Organiza\u00e7\u00e3o H\u00e9lio Lopes quando necessitou de auxilio para tratar de seus problemas de sa\u00fade, ao contr\u00e1rio do que afirma na propaganda enganosa, t\u00eam dois dias para apresentar sua defesa \u00e0 justi\u00e7a eleitoral.<\/p>\n<p>&nbsp;<\/p>\n<p><strong>Fonte: Assessoria<\/strong><\/p>\n<p>&nbsp;<\/p>\n","protected":false},"excerpt":{"rendered":"<p>O juiz eleitoral de Penedo, Dr. Claudemiro Avelino de Souza, determinou a retirada de fake news publicada pela candidata Ivana Toledo (Partido Progressista) em sua p\u00e1gina no Facebook. A decis\u00e3o efetivada nesta quarta-feira, 11 de novembro, \u00e9 estensiva ao radialista M\u00e1rcio Lobo, em seu perfil pessoal na mesma rede social, tamb\u00e9m notificada sobre a retirada. &hellip;<\/p>\n","protected":false},"author":1,"featured_media":10699,"comment_status":"open","ping_status":"open","sticky":false,"template":"","format":"standard","meta":{"_jetpack_newsletter_access":"","_jetpack_dont_email_post_to_subs":false,"_jetpack_newsletter_tier_id":0,"_jetpack_memberships_contains_paywalled_content":false,"_jetpack_memberships_contains_paid_content":false,"footnotes":""},"categories":[1],"tags":[],"class_list":["post-10698","post","type-post","status-publish","format-standard","has-post-thumbnail","hentry","category-destaque"],"jetpack_sharing_enabled":true,"jetpack_featured_media_url":"","_links":{"self":[{"href":"https:\/\/www.oparanews.com.br\/index.php\/wp-json\/wp\/v2\/posts\/10698","targetHints":{"allow":["GET"]}}],"collection":[{"href":"https:\/\/www.oparanews.com.br\/index.php\/wp-json\/wp\/v2\/posts"}],"about":[{"href":"https:\/\/www.oparanews.com.br\/index.php\/wp-json\/wp\/v2\/types\/post"}],"author":[{"embeddable":true,"href":"https:\/\/www.oparanews.com.br\/index.php\/wp-json\/wp\/v2\/users\/1"}],"replies":[{"embeddable":true,"href":"https:\/\/www.oparanews.com.br\/index.php\/wp-json\/wp\/v2\/comments?post=10698"}],"version-history":[{"count":0,"href":"https:\/\/www.oparanews.com.br\/index.php\/wp-json\/wp\/v2\/posts\/10698\/revisions"}],"wp:attachment":[{"href":"https:\/\/www.oparanews.com.br\/index.php\/wp-json\/wp\/v2\/media?parent=10698"}],"wp:term":[{"taxonomy":"category","embeddable":true,"href":"https:\/\/www.oparanews.com.br\/index.php\/wp-json\/wp\/v2\/categories?post=10698"},{"taxonomy":"post_tag","embeddable":true,"href":"https:\/\/www.oparanews.com.br\/index.php\/wp-json\/wp\/v2\/tags?post=10698"}],"curies":[{"name":"wp","href":"https:\/\/api.w.org\/{rel}","templated":true}]}}