{"id":10703,"date":"2020-11-12T20:14:13","date_gmt":"2020-11-12T20:14:13","guid":{"rendered":"https:\/\/oparanews.com.br\/?p=10703"},"modified":"2020-11-12T20:14:13","modified_gmt":"2020-11-12T20:14:13","slug":"pf-descobre-novo-plano-de-atentado-contra-bolsonaro","status":"publish","type":"post","link":"https:\/\/www.oparanews.com.br\/index.php\/2020\/11\/12\/pf-descobre-novo-plano-de-atentado-contra-bolsonaro\/","title":{"rendered":"PF descobre novo plano de atentado contra Bolsonaro"},"content":{"rendered":"<p>Um inqu\u00e9rito da Pol\u00edcia Federal, aberto para investigar amea\u00e7as contra o presidente da Rep\u00fablica, apurou que, em novembro de 2019, um rapaz de 25 anos planejou atacar Jair Bolsonaro, durante visita \u00e0 cidade mineira de Tr\u00eas Cora\u00e7\u00f5es, famosa por ter dado \u00e0 luz Edson Arantes do Nascimento, o Pel\u00e9.<\/p>\n<p>De acordo com o inqu\u00e9rito, o atentado ocorreria em 29 de novembro, quando o presidente compareceu a uma solenidade de formatura em uma unidade militar. A investiga\u00e7\u00e3o apurou que o jovem trabalhava como funcion\u00e1rio terceirizado no local do evento e estava divulgando mensagens com o plano de ataque, chegando, inclusive, a gravar v\u00eddeos.<\/p>\n<p>Em uma destas mensagens, o homem aparece afiando o cabo de uma escova de dentes, de modo a transform\u00e1-la em objeto pontiagudo, perfurante e fora do alcance dos detectores de metal. Mandados de busca e apreens\u00e3o ocorreram em Tr\u00eas Cora\u00e7\u00f5es e Alfenas. Com o material apreendido, foi poss\u00edvel indiciar o suspeito.<\/p>\n<p>Se condenado por crime contra a liberdade pessoal do presidente da Rep\u00fablica, enquadrado na Lei de Seguran\u00e7a Nacional, o jovem pode ter de cumprir at\u00e9 doze anos de pris\u00e3o. Em 2018, em Juiz de Fora, na Zona da Mata mineira, um atentado \u00e0 faca por pouco n\u00e3o tirou a vida do ent\u00e3o candidato \u00e0 Presid\u00eancia.<\/p>\n<p>Ad\u00e9lio Bispo de Oliveira, de forma isolada e por motivos pol\u00edticos, conforme apurado pelas investiga\u00e7\u00f5es da Pol\u00edcia Federal, esfaqueou Bolsonaro durante uma passeata de campanha. Hoje, encontra-se internado (preso por prazo indeterminado) em um pres\u00eddio federal em Campo Grande, Mato Grosso do Sul.<\/p>\n<p>Bolsonaro jamais aceitou a ideia que Bispo atuasse solitariamente. Para o presidente e seu entorno pr\u00f3ximo, o homicida agiu a mando de um grupo (de esquerda) organizado, financiado por gente interessada em impedir sua vit\u00f3ria na elei\u00e7\u00e3o. \u00c9 lastim\u00e1vel que o Brasil ainda viva epis\u00f3dios assim. Pol\u00edtica \u00e9 di\u00e1logo, n\u00e3o uma guerra.<\/p>\n<p>&nbsp;<\/p>\n<p><strong>Fonte: ISTO\u00c9<\/strong><\/p>\n<p>&nbsp;<\/p>\n","protected":false},"excerpt":{"rendered":"<p>Um inqu\u00e9rito da Pol\u00edcia Federal, aberto para investigar amea\u00e7as contra o presidente da Rep\u00fablica, apurou que, em novembro de 2019, um rapaz de 25 anos planejou atacar Jair Bolsonaro, durante visita \u00e0 cidade mineira de Tr\u00eas Cora\u00e7\u00f5es, famosa por ter dado \u00e0 luz Edson Arantes do Nascimento, o Pel\u00e9. De acordo com o inqu\u00e9rito, o &hellip;<\/p>\n","protected":false},"author":1,"featured_media":10704,"comment_status":"open","ping_status":"open","sticky":false,"template":"","format":"standard","meta":{"_jetpack_newsletter_access":"","_jetpack_dont_email_post_to_subs":false,"_jetpack_newsletter_tier_id":0,"_jetpack_memberships_contains_paywalled_content":false,"_jetpack_memberships_contains_paid_content":false,"footnotes":""},"categories":[1],"tags":[],"class_list":["post-10703","post","type-post","status-publish","format-standard","has-post-thumbnail","hentry","category-destaque"],"jetpack_sharing_enabled":true,"jetpack_featured_media_url":"","_links":{"self":[{"href":"https:\/\/www.oparanews.com.br\/index.php\/wp-json\/wp\/v2\/posts\/10703","targetHints":{"allow":["GET"]}}],"collection":[{"href":"https:\/\/www.oparanews.com.br\/index.php\/wp-json\/wp\/v2\/posts"}],"about":[{"href":"https:\/\/www.oparanews.com.br\/index.php\/wp-json\/wp\/v2\/types\/post"}],"author":[{"embeddable":true,"href":"https:\/\/www.oparanews.com.br\/index.php\/wp-json\/wp\/v2\/users\/1"}],"replies":[{"embeddable":true,"href":"https:\/\/www.oparanews.com.br\/index.php\/wp-json\/wp\/v2\/comments?post=10703"}],"version-history":[{"count":0,"href":"https:\/\/www.oparanews.com.br\/index.php\/wp-json\/wp\/v2\/posts\/10703\/revisions"}],"wp:attachment":[{"href":"https:\/\/www.oparanews.com.br\/index.php\/wp-json\/wp\/v2\/media?parent=10703"}],"wp:term":[{"taxonomy":"category","embeddable":true,"href":"https:\/\/www.oparanews.com.br\/index.php\/wp-json\/wp\/v2\/categories?post=10703"},{"taxonomy":"post_tag","embeddable":true,"href":"https:\/\/www.oparanews.com.br\/index.php\/wp-json\/wp\/v2\/tags?post=10703"}],"curies":[{"name":"wp","href":"https:\/\/api.w.org\/{rel}","templated":true}]}}