{"id":10706,"date":"2020-11-12T20:15:57","date_gmt":"2020-11-12T20:15:57","guid":{"rendered":"https:\/\/oparanews.com.br\/?p=10706"},"modified":"2020-11-12T20:15:57","modified_gmt":"2020-11-12T20:15:57","slug":"guedes-quer-encerrar-auxilio-e-voltar-ao-bolsa-familia","status":"publish","type":"post","link":"https:\/\/www.oparanews.com.br\/index.php\/2020\/11\/12\/guedes-quer-encerrar-auxilio-e-voltar-ao-bolsa-familia\/","title":{"rendered":"Guedes quer encerrar aux\u00edlio e voltar ao Bolsa Fam\u00edlia"},"content":{"rendered":"<p>O plano do governo para o aux\u00edlio emergencial \u00e9 encerr\u00e1-lo ao fim deste ano, com retorno ao Bolsa Fam\u00edlia como programa de transfer\u00eancia de renda, afirmou nesta quinta-feira, 12, o ministro da Economia, Paulo Guedes.<\/p>\n<p>&#8220;A resposta hoje, se voc\u00ea perguntar assim, qual o plano para o aux\u00edlio emergencial? Remo\u00e7\u00e3o gradual&#8230; acaba o aux\u00edlio emergencial. Que j\u00e1 foi 600, caiu pra 300 e ele acaba, n\u00f3s voltamos para o Bolsa Fam\u00edlia&#8221;, disse Guedes Ao participar de evento online promovido pela Abras, associa\u00e7\u00e3o de supermercados.<\/p>\n<p>O ministro frisou que esse \u00e9 o plano A, j\u00e1 que a percep\u00e7\u00e3o \u00e9 de que o surto de coronav\u00edrus est\u00e1 retrocedendo e a economia, reagindo.<\/p>\n<p>Os pagamentos do aux\u00edlio emergencial encerram em 31 de dezembro deste ano.<\/p>\n<p>Guedes voltou a dizer que, caso haja uma segunda onda de Covid-19 no pa\u00eds &#8211;possibilidade que classificou como baixa&#8211;, o aux\u00edlio dever\u00e1 ser mantido e um novo estado de calamidade p\u00fablica dever\u00e1 ser decretado, frisando que uma emenda na Proposta de Emenda \u00e0 Constitui\u00e7\u00e3o (PEC) do Pacto Federativo abre caminho para tanto.<\/p>\n<p>Ele repetiu, contudo, que o gasto do governo dever\u00e1 ser menor num novo enfrentamento \u00e0 doen\u00e7a, ficando por volta de 4% do Produto Interno Bruto (PIB), contra cerca de 10% do PIB neste ano.<\/p>\n<p>&#8220;Nossa hip\u00f3tese de trabalho \u00e9 ir retirando os est\u00edmulos, \u00e9 o que estamos fazendo, era 600 (reais), baixa para 300, depois aterrissa ali na frente ou numa vers\u00e3o do Renda Brasil, de renda b\u00e1sica, ou no pr\u00f3prio Bolsa Fam\u00edlia que existia antes&#8221;, disse.<\/p>\n<p>&#8220;Temos as duas possibilidades, \u00e9 uma escolha pol\u00edtica&#8221;, acrescentou ele, reconhecendo que a classe pol\u00edtica tomou a decis\u00e3o de discutir a eventual estrutura\u00e7\u00e3o de um novo programa de transfer\u00eancia de renda mais \u00e0 frente, j\u00e1 que o momento \u00e9 de elei\u00e7\u00f5es municipais.<\/p>\n<p>Guedes afirmou que o eventual programa tem que ser fiscalmente respons\u00e1vel e &#8220;evolucion\u00e1rio&#8221;, termo que tem usado para designar seu car\u00e1ter de focalizar v\u00e1rias iniciativas que j\u00e1 existem num s\u00f3 aux\u00edlio.<\/p>\n<p>&#8220;Pode ser que precise de mais debates pol\u00edticos a respeito&#8221;, admitiu. &#8220;O presidente foi muito claro. Ele disse &#8216;eu n\u00e3o vou tirar do pobre para dar para o paup\u00e9rrimo'&#8221;, completou.<\/p>\n<p>A equipe econ\u00f4mica chegou a propor a extin\u00e7\u00e3o do abono salarial para incorpora\u00e7\u00e3o do seu or\u00e7amento ao novo Bolsa Fam\u00edlia, mas a possibilidade foi publicamente recha\u00e7ada por Bolsonaro.<\/p>\n<p>REDU\u00c7\u00c3O PERMANENTE EM IMPOSTOS DE IMPORTA\u00c7\u00c3O<\/p>\n<p>Guedes tamb\u00e9m sinalizou nesta quinta-feira que a redu\u00e7\u00e3o do imposto de importa\u00e7\u00e3o sobre alimentos como rea\u00e7\u00e3o \u00e0 alta nos produtos deve ser uma medida permanente.<\/p>\n<p>&#8220;Quando a popula\u00e7\u00e3o come\u00e7ou a reclamar de aumentos excessivos no arroz, no \u00f3leo de soja, n\u00f3s estamos examinando. Agimos r\u00e1pido no arroz e estamos examinando toda pauta de alimenta\u00e7\u00e3o para eliminar impostos de importa\u00e7\u00e3o&#8221;, afirmou ele.<\/p>\n<p>&#8220;N\u00f3s vamos continuar com os impostos reduzidos porque o nosso objetivo era justamente reduzir as tarifas e ir abrindo a economia brasileira&#8221;, acrescentou.<\/p>\n<p>Em setembro, o governo decidiu implementar uma cota sem tarifa para compra de 400 mil toneladas de arroz de fora do Mercosul at\u00e9 o final do ano. Atualmente, incidem sobre os pa\u00edses fornecedores de fora do Mercosul as tarifas de 12% sobre o gr\u00e3o beneficiado e de 10% sobre o arroz em casca.<\/p>\n<p>Ele tamb\u00e9m refor\u00e7ou avalia\u00e7\u00e3o de que a infla\u00e7\u00e3o \u00e9 tempor\u00e1ria. Segundo o ministro, quando houver o fim do aux\u00edlio emergencial, a alta transit\u00f3ria de pre\u00e7os setoriais impulsionados pela concess\u00e3o do benef\u00edcio, como de alimentos e materiais de constru\u00e7\u00e3o, &#8220;deve se acalmar&#8221;.<\/p>\n<p>PIB 2021<\/p>\n<p>Guedes tamb\u00e9m estimou nesta manh\u00e3 que o PIB brasileiro pode subir at\u00e9 4% no pr\u00f3ximo ano e reiterou que a retomada p\u00f3s-crise o est\u00e1 surpreendendo, citando arrecada\u00e7\u00e3o &#8220;extraordin\u00e1ria&#8221; neste m\u00eas.<\/p>\n<p>&#8220;Brasil deve voltar a ter crescimento para 3%, 3,5%, pode chegar a 4% ano que vem&#8221;, afirmou ele.<\/p>\n<p>No mais recente Boletim Focus, elaborado pelo Banco Central com base em consultas a uma centena de economistas, a perspectiva \u00e9 de alta de 3,31% do PIB no ano que vem. Oficialmente, o Minist\u00e9rio da Economia prev\u00ea avan\u00e7o de 3,2% para a atividade econ\u00f4mica em 2021.<\/p>\n<p>&nbsp;<\/p>\n<p><strong>Fonte: Terra<\/strong><\/p>\n<p>&nbsp;<\/p>\n","protected":false},"excerpt":{"rendered":"<p>O plano do governo para o aux\u00edlio emergencial \u00e9 encerr\u00e1-lo ao fim deste ano, com retorno ao Bolsa Fam\u00edlia como programa de transfer\u00eancia de renda, afirmou nesta quinta-feira, 12, o ministro da Economia, Paulo Guedes. &#8220;A resposta hoje, se voc\u00ea perguntar assim, qual o plano para o aux\u00edlio emergencial? Remo\u00e7\u00e3o gradual&#8230; acaba o aux\u00edlio emergencial. &hellip;<\/p>\n","protected":false},"author":1,"featured_media":10707,"comment_status":"open","ping_status":"open","sticky":false,"template":"","format":"standard","meta":{"_jetpack_newsletter_access":"","_jetpack_dont_email_post_to_subs":false,"_jetpack_newsletter_tier_id":0,"_jetpack_memberships_contains_paywalled_content":false,"_jetpack_memberships_contains_paid_content":false,"footnotes":""},"categories":[1],"tags":[],"class_list":["post-10706","post","type-post","status-publish","format-standard","has-post-thumbnail","hentry","category-destaque"],"jetpack_sharing_enabled":true,"jetpack_featured_media_url":"","_links":{"self":[{"href":"https:\/\/www.oparanews.com.br\/index.php\/wp-json\/wp\/v2\/posts\/10706","targetHints":{"allow":["GET"]}}],"collection":[{"href":"https:\/\/www.oparanews.com.br\/index.php\/wp-json\/wp\/v2\/posts"}],"about":[{"href":"https:\/\/www.oparanews.com.br\/index.php\/wp-json\/wp\/v2\/types\/post"}],"author":[{"embeddable":true,"href":"https:\/\/www.oparanews.com.br\/index.php\/wp-json\/wp\/v2\/users\/1"}],"replies":[{"embeddable":true,"href":"https:\/\/www.oparanews.com.br\/index.php\/wp-json\/wp\/v2\/comments?post=10706"}],"version-history":[{"count":0,"href":"https:\/\/www.oparanews.com.br\/index.php\/wp-json\/wp\/v2\/posts\/10706\/revisions"}],"wp:attachment":[{"href":"https:\/\/www.oparanews.com.br\/index.php\/wp-json\/wp\/v2\/media?parent=10706"}],"wp:term":[{"taxonomy":"category","embeddable":true,"href":"https:\/\/www.oparanews.com.br\/index.php\/wp-json\/wp\/v2\/categories?post=10706"},{"taxonomy":"post_tag","embeddable":true,"href":"https:\/\/www.oparanews.com.br\/index.php\/wp-json\/wp\/v2\/tags?post=10706"}],"curies":[{"name":"wp","href":"https:\/\/api.w.org\/{rel}","templated":true}]}}