{"id":10709,"date":"2020-11-12T20:18:33","date_gmt":"2020-11-12T20:18:33","guid":{"rendered":"https:\/\/oparanews.com.br\/?p=10709"},"modified":"2020-11-12T20:18:33","modified_gmt":"2020-11-12T20:18:33","slug":"gabriel-menino-testa-positivo-para-covid-19-e-e-cortado","status":"publish","type":"post","link":"https:\/\/www.oparanews.com.br\/index.php\/2020\/11\/12\/gabriel-menino-testa-positivo-para-covid-19-e-e-cortado\/","title":{"rendered":"Gabriel Menino testa positivo para covid-19 e \u00e9 cortado"},"content":{"rendered":"<p>A Sele\u00e7\u00e3o Brasileira confirmou mais um desfalque na equipe nesta quinta-feira. Rodrigo Lasmar, m\u00e9dico do Brasil, anunciou que Gabriel Menino testou positivo para covid-19 e foi desconvocado.<\/p>\n<p>&#8220;O atleta Gabriel Menino foi testado positivo para covid-19. Todos os demais testaram negativo. \u00c9 importante colocarmos que na segunda-feira, quando os atletas chegaram, todos os membros da delega\u00e7\u00e3o tiveram testes negativos&#8221;, declarou.<\/p>\n<p>&#8220;N\u00f3s j\u00e1 informamos o departamento m\u00e9dico do Palmeiras. O jogador est\u00e1 assintom\u00e1tico, j\u00e1 est\u00e1 isolado e est\u00e1 sendo desconvocado da Sele\u00e7\u00e3o neste momento. Todas as medidas protetivas est\u00e3o sendo refor\u00e7adas e iremos realizar uma nova bateria de testes antes da nossa viagem para o Uruguai, ap\u00f3s o jogo (contra a Venezuela)&#8221;, completou Lasmar.<\/p>\n<p>Com o diagn\u00f3stico, o volante e lateral-direito se torna o sexto atleta a ser cortado da Amarelinha. Antes, os zagueiros Rodrigo Caio e \u00c9der Milit\u00e3o, os volantes Casemiro e Fabinho e o meia Philippe Coutinho j\u00e1 haviam sido retirados do time.<\/p>\n<p>&nbsp;<\/p>\n<p><strong>Fonte: Terra<\/strong><\/p>\n<p>&nbsp;<\/p>\n","protected":false},"excerpt":{"rendered":"<p>A Sele\u00e7\u00e3o Brasileira confirmou mais um desfalque na equipe nesta quinta-feira. Rodrigo Lasmar, m\u00e9dico do Brasil, anunciou que Gabriel Menino testou positivo para covid-19 e foi desconvocado. &#8220;O atleta Gabriel Menino foi testado positivo para covid-19. Todos os demais testaram negativo. \u00c9 importante colocarmos que na segunda-feira, quando os atletas chegaram, todos os membros da &hellip;<\/p>\n","protected":false},"author":1,"featured_media":10710,"comment_status":"open","ping_status":"open","sticky":false,"template":"","format":"standard","meta":{"_jetpack_newsletter_access":"","_jetpack_dont_email_post_to_subs":false,"_jetpack_newsletter_tier_id":0,"_jetpack_memberships_contains_paywalled_content":false,"_jetpack_memberships_contains_paid_content":false,"footnotes":""},"categories":[1],"tags":[],"class_list":["post-10709","post","type-post","status-publish","format-standard","has-post-thumbnail","hentry","category-destaque"],"jetpack_sharing_enabled":true,"jetpack_featured_media_url":"","_links":{"self":[{"href":"https:\/\/www.oparanews.com.br\/index.php\/wp-json\/wp\/v2\/posts\/10709","targetHints":{"allow":["GET"]}}],"collection":[{"href":"https:\/\/www.oparanews.com.br\/index.php\/wp-json\/wp\/v2\/posts"}],"about":[{"href":"https:\/\/www.oparanews.com.br\/index.php\/wp-json\/wp\/v2\/types\/post"}],"author":[{"embeddable":true,"href":"https:\/\/www.oparanews.com.br\/index.php\/wp-json\/wp\/v2\/users\/1"}],"replies":[{"embeddable":true,"href":"https:\/\/www.oparanews.com.br\/index.php\/wp-json\/wp\/v2\/comments?post=10709"}],"version-history":[{"count":0,"href":"https:\/\/www.oparanews.com.br\/index.php\/wp-json\/wp\/v2\/posts\/10709\/revisions"}],"wp:attachment":[{"href":"https:\/\/www.oparanews.com.br\/index.php\/wp-json\/wp\/v2\/media?parent=10709"}],"wp:term":[{"taxonomy":"category","embeddable":true,"href":"https:\/\/www.oparanews.com.br\/index.php\/wp-json\/wp\/v2\/categories?post=10709"},{"taxonomy":"post_tag","embeddable":true,"href":"https:\/\/www.oparanews.com.br\/index.php\/wp-json\/wp\/v2\/tags?post=10709"}],"curies":[{"name":"wp","href":"https:\/\/api.w.org\/{rel}","templated":true}]}}