{"id":10718,"date":"2020-11-13T13:05:19","date_gmt":"2020-11-13T13:05:19","guid":{"rendered":"https:\/\/oparanews.com.br\/?p=10718"},"modified":"2020-11-13T13:05:19","modified_gmt":"2020-11-13T13:05:19","slug":"militares-embarcam-para-reforcar-a-seguranca-em-cidades-do-interior-de-al-nas-eleicoes-2020","status":"publish","type":"post","link":"https:\/\/www.oparanews.com.br\/index.php\/2020\/11\/13\/militares-embarcam-para-reforcar-a-seguranca-em-cidades-do-interior-de-al-nas-eleicoes-2020\/","title":{"rendered":"Militares embarcam para refor\u00e7ar a seguran\u00e7a em cidades do interior de AL nas elei\u00e7\u00f5es 2020"},"content":{"rendered":"<p>Mais de 4,5 mil policiais militares viajam a partir desta sexta-feira (13) para cidades do interior do estado, onde v\u00e3o refor\u00e7ar a seguran\u00e7a durante as elei\u00e7\u00f5es 2020. Nesta manh\u00e3, os militares seguem para as cidades do Sert\u00e3o.<\/p>\n<p>Os policiais sa\u00edram do Quartel do Comando Geral, no centro de Macei\u00f3, onde receberam orienta\u00e7\u00f5es do comandante de Policiamento do Interior, coronel Marcos Sampaio.<\/p>\n<p>&#8220;Vamos embarcar 4.549 policiais para as cidades do interior do estado para garantir a seguran\u00e7a durante as elei\u00e7\u00f5es. Algumas cidades j\u00e1 receberam policiamento na quarta-feira, onde o clima estava mais acirrado&#8221;, disse o coronel Sampaio.<\/p>\n<p>Em Macei\u00f3, o servi\u00e7o de guarda urnas ter\u00e1 tamb\u00e9m contribui\u00e7\u00e3o de agentes da Ronda no Bairro. No s\u00e1bado (14), embarcam as tropas que ser\u00e3o distribu\u00eddas pelo Agreste, Baixo S\u00e3o Francisco, Zona da Mata e Litoral Norte.<\/p>\n<p>O retorno dos policiais est\u00e1 previsto para segunda-feira (16).<\/p>\n<p><strong>Pol\u00edcia e bombeiros militares<\/strong><\/p>\n<p>A Pol\u00edcia Militar empregar\u00e1 cerca de 6.400 policiais, tanto para refor\u00e7o policial nos locais de vota\u00e7\u00e3o, quanto para o servi\u00e7o de guarda urnas, realizado na v\u00e9spera do pleito. Cerca de 270 militares do Corpo de Bombeiros atuar\u00e3o de forma integrada aos policiais na seguran\u00e7a das urnas, tanto na capital como no interior.<\/p>\n<p>Segundo a Secretaria de Seguran\u00e7a P\u00fablica (SSP-AL), 7.554 policiais militares e civis, bombeiros militares, peritos e integrantes do grupamento a\u00e9reo v\u00e3o compor as a\u00e7\u00f5es para refor\u00e7o.<\/p>\n<p>&nbsp;<\/p>\n<p><strong>Fonte: G1\/AL<\/strong><\/p>\n<p>&nbsp;<\/p>\n","protected":false},"excerpt":{"rendered":"<p>Mais de 4,5 mil policiais militares viajam a partir desta sexta-feira (13) para cidades do interior do estado, onde v\u00e3o refor\u00e7ar a seguran\u00e7a durante as elei\u00e7\u00f5es 2020. Nesta manh\u00e3, os militares seguem para as cidades do Sert\u00e3o. Os policiais sa\u00edram do Quartel do Comando Geral, no centro de Macei\u00f3, onde receberam orienta\u00e7\u00f5es do comandante de &hellip;<\/p>\n","protected":false},"author":1,"featured_media":10719,"comment_status":"open","ping_status":"open","sticky":false,"template":"","format":"standard","meta":{"_jetpack_newsletter_access":"","_jetpack_dont_email_post_to_subs":false,"_jetpack_newsletter_tier_id":0,"_jetpack_memberships_contains_paywalled_content":false,"_jetpack_memberships_contains_paid_content":false,"footnotes":""},"categories":[1],"tags":[],"class_list":["post-10718","post","type-post","status-publish","format-standard","has-post-thumbnail","hentry","category-destaque"],"jetpack_sharing_enabled":true,"jetpack_featured_media_url":"","_links":{"self":[{"href":"https:\/\/www.oparanews.com.br\/index.php\/wp-json\/wp\/v2\/posts\/10718","targetHints":{"allow":["GET"]}}],"collection":[{"href":"https:\/\/www.oparanews.com.br\/index.php\/wp-json\/wp\/v2\/posts"}],"about":[{"href":"https:\/\/www.oparanews.com.br\/index.php\/wp-json\/wp\/v2\/types\/post"}],"author":[{"embeddable":true,"href":"https:\/\/www.oparanews.com.br\/index.php\/wp-json\/wp\/v2\/users\/1"}],"replies":[{"embeddable":true,"href":"https:\/\/www.oparanews.com.br\/index.php\/wp-json\/wp\/v2\/comments?post=10718"}],"version-history":[{"count":0,"href":"https:\/\/www.oparanews.com.br\/index.php\/wp-json\/wp\/v2\/posts\/10718\/revisions"}],"wp:attachment":[{"href":"https:\/\/www.oparanews.com.br\/index.php\/wp-json\/wp\/v2\/media?parent=10718"}],"wp:term":[{"taxonomy":"category","embeddable":true,"href":"https:\/\/www.oparanews.com.br\/index.php\/wp-json\/wp\/v2\/categories?post=10718"},{"taxonomy":"post_tag","embeddable":true,"href":"https:\/\/www.oparanews.com.br\/index.php\/wp-json\/wp\/v2\/tags?post=10718"}],"curies":[{"name":"wp","href":"https:\/\/api.w.org\/{rel}","templated":true}]}}