{"id":10724,"date":"2020-11-13T13:58:50","date_gmt":"2020-11-13T13:58:50","guid":{"rendered":"https:\/\/oparanews.com.br\/?p=10724"},"modified":"2020-11-13T13:58:50","modified_gmt":"2020-11-13T13:58:50","slug":"irei-fiscalizar-o-dinheiro-publico-e-lutar-pelos-direitos-da-populacao-penedense-diz-walder-lima","status":"publish","type":"post","link":"https:\/\/www.oparanews.com.br\/index.php\/2020\/11\/13\/irei-fiscalizar-o-dinheiro-publico-e-lutar-pelos-direitos-da-populacao-penedense-diz-walder-lima\/","title":{"rendered":"&#8220;Irei fiscalizar o dinheiro p\u00fablico e lutar pelos direitos da popula\u00e7\u00e3o penedense&#8221;, diz Walder Lima"},"content":{"rendered":"<p>O programa esportivo Grande Rio Esporte, na R\u00e1dio Grande Rio FM (99,1), entrevistou nesta quinta-feira, 12, o \u00faltimo candidato a vereador nas elei\u00e7\u00f5es municipais deste ano em Penedo. O entrevistado foi o jovem Walder Lima, candidato pelo partido (PROS).<\/p>\n<div style=\"width: 568px;\" class=\"wp-video\"><video class=\"wp-video-shortcode\" id=\"video-10724-1\" width=\"568\" height=\"320\" preload=\"metadata\" controls=\"controls\"><source type=\"video\/mp4\" src=\"https:\/\/oparanews.com.br\/wp-content\/uploads\/2020\/11\/APRESENTA\u00c7\u00c3O-WALDER-LIMA.mp4?_=1\" \/><a href=\"https:\/\/oparanews.com.br\/wp-content\/uploads\/2020\/11\/APRESENTA\u00c7\u00c3O-WALDER-LIMA.mp4\">https:\/\/oparanews.com.br\/wp-content\/uploads\/2020\/11\/APRESENTA\u00c7\u00c3O-WALDER-LIMA.mp4<\/a><\/video><\/div>\n<p>Walder Lima falou um pouco da sua trajet\u00f3ria nessa campanha eleitoral e falou de suas propostas no que se refere ao esporte local, seja ele amador ou profissional. Walder Lima falou que ir\u00e1 fiscalizar o dinheiro p\u00fablico e lutar pelos direitos da popula\u00e7\u00e3o, casos eleito for.<\/p>\n<div style=\"width: 568px;\" class=\"wp-video\"><video class=\"wp-video-shortcode\" id=\"video-10724-2\" width=\"568\" height=\"320\" preload=\"metadata\" controls=\"controls\"><source type=\"video\/mp4\" src=\"https:\/\/oparanews.com.br\/wp-content\/uploads\/2020\/11\/PROJETO-PENEDENSE-E-ESPORTE-LOCAL.mp4?_=2\" \/><a href=\"https:\/\/oparanews.com.br\/wp-content\/uploads\/2020\/11\/PROJETO-PENEDENSE-E-ESPORTE-LOCAL.mp4\">https:\/\/oparanews.com.br\/wp-content\/uploads\/2020\/11\/PROJETO-PENEDENSE-E-ESPORTE-LOCAL.mp4<\/a><\/video><\/div>\n<p>Outro ponto destacado por Walder Lima durante a entrevista diz respeito ao esporte feminino no munic\u00edpio, onde ele disse que se eleito for ir\u00e1 apoiar incondicionalmente para que as mulheres tenham mais espa\u00e7o no esporte de Penedo, seja no futsal, futebol de campo, atletismo, entre outras modalidades.<\/p>\n<div style=\"width: 568px;\" class=\"wp-video\"><video class=\"wp-video-shortcode\" id=\"video-10724-3\" width=\"568\" height=\"320\" preload=\"metadata\" controls=\"controls\"><source type=\"video\/mp4\" src=\"https:\/\/oparanews.com.br\/wp-content\/uploads\/2020\/11\/AGRADECIMENTO-WALDER-LIMA.mp4?_=3\" \/><a href=\"https:\/\/oparanews.com.br\/wp-content\/uploads\/2020\/11\/AGRADECIMENTO-WALDER-LIMA.mp4\">https:\/\/oparanews.com.br\/wp-content\/uploads\/2020\/11\/AGRADECIMENTO-WALDER-LIMA.mp4<\/a><\/video><\/div>\n<p>Por fim, Walder Lima agradeceu a oportunidade e pediu aos eleitores que no pr\u00f3ximo dia 15 eles votem pela renova\u00e7\u00e3o na C\u00e2mara de Vereadores, votem 90258 (juntos somos mais fortes) &#8211; Walder Lima.<\/p>\n<p>&nbsp;<\/p>\n<p><strong>por Reda\u00e7\u00e3o<\/strong><\/p>\n<p>&nbsp;<\/p>\n","protected":false},"excerpt":{"rendered":"<p>O programa esportivo Grande Rio Esporte, na R\u00e1dio Grande Rio FM (99,1), entrevistou nesta quinta-feira, 12, o \u00faltimo candidato a vereador nas elei\u00e7\u00f5es municipais deste ano em Penedo. O entrevistado foi o jovem Walder Lima, candidato pelo partido (PROS). Walder Lima falou um pouco da sua trajet\u00f3ria nessa campanha eleitoral e falou de suas propostas &hellip;<\/p>\n","protected":false},"author":1,"featured_media":10728,"comment_status":"open","ping_status":"open","sticky":false,"template":"","format":"standard","meta":{"_jetpack_newsletter_access":"","_jetpack_dont_email_post_to_subs":false,"_jetpack_newsletter_tier_id":0,"_jetpack_memberships_contains_paywalled_content":false,"_jetpack_memberships_contains_paid_content":false,"footnotes":""},"categories":[1],"tags":[],"class_list":["post-10724","post","type-post","status-publish","format-standard","has-post-thumbnail","hentry","category-destaque"],"jetpack_sharing_enabled":true,"jetpack_featured_media_url":"","_links":{"self":[{"href":"https:\/\/www.oparanews.com.br\/index.php\/wp-json\/wp\/v2\/posts\/10724","targetHints":{"allow":["GET"]}}],"collection":[{"href":"https:\/\/www.oparanews.com.br\/index.php\/wp-json\/wp\/v2\/posts"}],"about":[{"href":"https:\/\/www.oparanews.com.br\/index.php\/wp-json\/wp\/v2\/types\/post"}],"author":[{"embeddable":true,"href":"https:\/\/www.oparanews.com.br\/index.php\/wp-json\/wp\/v2\/users\/1"}],"replies":[{"embeddable":true,"href":"https:\/\/www.oparanews.com.br\/index.php\/wp-json\/wp\/v2\/comments?post=10724"}],"version-history":[{"count":0,"href":"https:\/\/www.oparanews.com.br\/index.php\/wp-json\/wp\/v2\/posts\/10724\/revisions"}],"wp:attachment":[{"href":"https:\/\/www.oparanews.com.br\/index.php\/wp-json\/wp\/v2\/media?parent=10724"}],"wp:term":[{"taxonomy":"category","embeddable":true,"href":"https:\/\/www.oparanews.com.br\/index.php\/wp-json\/wp\/v2\/categories?post=10724"},{"taxonomy":"post_tag","embeddable":true,"href":"https:\/\/www.oparanews.com.br\/index.php\/wp-json\/wp\/v2\/tags?post=10724"}],"curies":[{"name":"wp","href":"https:\/\/api.w.org\/{rel}","templated":true}]}}