{"id":10733,"date":"2020-11-13T18:44:41","date_gmt":"2020-11-13T18:44:41","guid":{"rendered":"https:\/\/oparanews.com.br\/?p=10733"},"modified":"2020-11-13T18:44:41","modified_gmt":"2020-11-13T18:44:41","slug":"apos-luan-e-gabriel-menino-palmeiras-tem-mais-3-com-covid","status":"publish","type":"post","link":"https:\/\/www.oparanews.com.br\/index.php\/2020\/11\/13\/apos-luan-e-gabriel-menino-palmeiras-tem-mais-3-com-covid\/","title":{"rendered":"Ap\u00f3s Luan e Gabriel Menino, Palmeiras tem mais 3 com covid"},"content":{"rendered":"<p>O Palmeiras anunciou nesta sexta-feira que tr\u00eas atletas do elenco foram diagnosticados com o novo coronav\u00edrus. Na rodada de exames de quinta-feira, o volante Danilo e os atacante Rony e Gabriel Silva foram confirmados com a doen\u00e7a. Ao todo, o clube tem no momento cinco jogadores com a covid-19. Antes do trio, o zagueiro Luan e o meia Gabriel Menino tamb\u00e9m testaram positivo.<\/p>\n<p>Segundo o clube, Danilo, Rony e Gabriel Silva est\u00e3o assintom\u00e1ticos e agora v\u00e3o permanecer em isolamento. Todos devem ficar afastados das atividades do Palmeiras por pelo menos dez dias. O departamento m\u00e9dico vai continuar com o protocolo de seguran\u00e7a para reduzir o risco de novas infec\u00e7\u00f5es para os demais colegas. Nesta sexta-feira a equipe treina na Academia de Futebol para enfrentar o Fluminense, pelo Campeonato Brasileiro.<\/p>\n<p>No in\u00edcio desta semana o clube confirmou que o zagueiro Luan estava com coronav\u00edrus. O defensor foi exclu\u00eddo da rela\u00e7\u00e3o de jogadores que enfrentou o Cear\u00e1, pela Copa do Brasil, e entrou em regime de isolamento para se recuperar da doen\u00e7a. A outra baixa do Palmeiras veio nesta quinta-feira, quando Gabriel Menino testou positivo enquanto estava com a Sele\u00e7\u00e3o Brasileira, em Teres\u00f3polis.<\/p>\n<p>Gabriel Menino foi desconvocado prontamente pela CBF e deixou a concentra\u00e7\u00e3o da Sele\u00e7\u00e3o Brasileira. Os demais companheiros de sele\u00e7\u00e3o testaram negativo. Para evitar novos problemas, a CBF montou uma log\u00edstica em que levou o jogador de volta para S\u00e3o Paulo em uma viagem de carro de quase 500 quil\u00f4metros. Um motorista e um seguran\u00e7a que j\u00e1 tiveram o coronav\u00edrus e se recuperaram foram os respons\u00e1veis por cuidar do trajeto.<\/p>\n<p>As tr\u00eas novas aus\u00eancias do Palmeiras fazem o t\u00e9cnico Abel Ferreira ter dez desfalques para escalar o time. Al\u00e9m dos cinco casos de covid-19, o clube tem tr\u00eas atletas cedidos para sele\u00e7\u00f5es (Weverton, G\u00f3mez e Vi\u00f1a) e outros dois lesionados (Wesley e Felipe Melo).<\/p>\n<p>&nbsp;<\/p>\n<p><strong>Fonte: Terra<\/strong><\/p>\n<p>&nbsp;<\/p>\n","protected":false},"excerpt":{"rendered":"<p>O Palmeiras anunciou nesta sexta-feira que tr\u00eas atletas do elenco foram diagnosticados com o novo coronav\u00edrus. Na rodada de exames de quinta-feira, o volante Danilo e os atacante Rony e Gabriel Silva foram confirmados com a doen\u00e7a. Ao todo, o clube tem no momento cinco jogadores com a covid-19. Antes do trio, o zagueiro Luan &hellip;<\/p>\n","protected":false},"author":1,"featured_media":10734,"comment_status":"open","ping_status":"open","sticky":false,"template":"","format":"standard","meta":{"_jetpack_newsletter_access":"","_jetpack_dont_email_post_to_subs":false,"_jetpack_newsletter_tier_id":0,"_jetpack_memberships_contains_paywalled_content":false,"_jetpack_memberships_contains_paid_content":false,"footnotes":""},"categories":[1],"tags":[],"class_list":["post-10733","post","type-post","status-publish","format-standard","has-post-thumbnail","hentry","category-destaque"],"jetpack_sharing_enabled":true,"jetpack_featured_media_url":"","_links":{"self":[{"href":"https:\/\/www.oparanews.com.br\/index.php\/wp-json\/wp\/v2\/posts\/10733","targetHints":{"allow":["GET"]}}],"collection":[{"href":"https:\/\/www.oparanews.com.br\/index.php\/wp-json\/wp\/v2\/posts"}],"about":[{"href":"https:\/\/www.oparanews.com.br\/index.php\/wp-json\/wp\/v2\/types\/post"}],"author":[{"embeddable":true,"href":"https:\/\/www.oparanews.com.br\/index.php\/wp-json\/wp\/v2\/users\/1"}],"replies":[{"embeddable":true,"href":"https:\/\/www.oparanews.com.br\/index.php\/wp-json\/wp\/v2\/comments?post=10733"}],"version-history":[{"count":0,"href":"https:\/\/www.oparanews.com.br\/index.php\/wp-json\/wp\/v2\/posts\/10733\/revisions"}],"wp:attachment":[{"href":"https:\/\/www.oparanews.com.br\/index.php\/wp-json\/wp\/v2\/media?parent=10733"}],"wp:term":[{"taxonomy":"category","embeddable":true,"href":"https:\/\/www.oparanews.com.br\/index.php\/wp-json\/wp\/v2\/categories?post=10733"},{"taxonomy":"post_tag","embeddable":true,"href":"https:\/\/www.oparanews.com.br\/index.php\/wp-json\/wp\/v2\/tags?post=10733"}],"curies":[{"name":"wp","href":"https:\/\/api.w.org\/{rel}","templated":true}]}}