{"id":10736,"date":"2020-11-13T20:07:42","date_gmt":"2020-11-13T20:07:42","guid":{"rendered":"https:\/\/oparanews.com.br\/?p=10736"},"modified":"2020-11-13T20:07:42","modified_gmt":"2020-11-13T20:07:42","slug":"radio-frances-fm-de-penedo-e-proibida-pela-justica-de-veicular-fake-news","status":"publish","type":"post","link":"https:\/\/www.oparanews.com.br\/index.php\/2020\/11\/13\/radio-frances-fm-de-penedo-e-proibida-pela-justica-de-veicular-fake-news\/","title":{"rendered":"R\u00e1dio Franc\u00eas FM de Penedo \u00e9 proibida pela justi\u00e7a de veicular fake news"},"content":{"rendered":"<p>A emissora de r\u00e1dio Franc\u00eas FM instalada em Penedo e dirigida por Jos\u00e9 Carlos Silva Santos \u2013 tamb\u00e9m conhecido como Carlos da Educa\u00e7\u00e3o, est\u00e1 proibida de disseminar conte\u00fados falsos, por ordem da justi\u00e7a.<\/p>\n<p>A decis\u00e3o do juiz Claudemiro Avelino de Souza atende pedido de liminar encaminhada pela coliga\u00e7\u00e3o Penedo Daqui Pra Frente, liderada por Ronaldo Lopes e Jo\u00e3o Lucas. A chapa que repudia ataques pessoais e preza pela democracia acionou a justi\u00e7a por conta da veicula\u00e7\u00e3o de not\u00edcia falsa durante o programa Jornal do Povo.<\/p>\n<p><strong>Not\u00edcia Falsa<\/strong><\/p>\n<p>Nos dias 09 e 10 de novembro, o quadro jornal\u00edstico apresentado pelo radialista Cleber Braga, com a participa\u00e7\u00e3o do tamb\u00e9m radialista Marcos Jos\u00e9, divulgou \u201c\u00e1udio de not\u00edcia falsa utilizada pela coliga\u00e7\u00e3o da candidata Ivana Toledo, conte\u00fado inver\u00eddico visando criar no imagin\u00e1rio do eleitorado o estado mental negativo\u201d, informa a exposi\u00e7\u00e3o dos fatos que amparam a decis\u00e3o.<\/p>\n<p>Dr. Claudemiro Avelino considera que o \u201creferido \u00e1udio em comento divulgado pela R\u00e1dio Franc\u00eas est\u00e1 diretamente relacionado ao candidato Ronaldo Lopes\u201d e configura \u201cpropaganda eleitoral negativa, tendo ocorrido a divulga\u00e7\u00e3o de argumentos com o intuito de denegrir a imagem do pr\u00e9-candidato advers\u00e1rio\u201d.<\/p>\n<p><strong>Jornal do Povo<\/strong><\/p>\n<p>\u201cPois bem, ao analisar as provas juntadas nos autos, se vislumbram provas em que o referido programa Jornal do Povo indique forte teor propagand\u00edstico que, pode quebrar a isonomia no tratamento dos pr\u00e9-candidatos\u201d, explica o juiz eleitoral de Penedo no ato.<\/p>\n<p>Por fim, a decis\u00e3o judicial publicada nesta sexta-feira, 12, determina \u201ca suspens\u00e3o imediata, a contar de sua intima\u00e7\u00e3o da veicula\u00e7\u00e3o de conte\u00fados falsos nos seus programas, e se abstenham ainda at\u00e9 dia 14 de novembro (s\u00e1bado) de veicular mat\u00e9rias com fins eleitoreiros \u2013 exceto mat\u00e9rias relacionadas ao resultado das elei\u00e7\u00f5es, sob pena de multa de R$ 5.000,00 (cinco mil reais), limitada ao patamar de R$ 30.000,00 ( trinta mil reais).\u201d<\/p>\n<p>&nbsp;<\/p>\n<p><strong>Por Assessoria<\/strong><\/p>\n<p>&nbsp;<\/p>\n","protected":false},"excerpt":{"rendered":"<p>A emissora de r\u00e1dio Franc\u00eas FM instalada em Penedo e dirigida por Jos\u00e9 Carlos Silva Santos \u2013 tamb\u00e9m conhecido como Carlos da Educa\u00e7\u00e3o, est\u00e1 proibida de disseminar conte\u00fados falsos, por ordem da justi\u00e7a. A decis\u00e3o do juiz Claudemiro Avelino de Souza atende pedido de liminar encaminhada pela coliga\u00e7\u00e3o Penedo Daqui Pra Frente, liderada por Ronaldo &hellip;<\/p>\n","protected":false},"author":1,"featured_media":10737,"comment_status":"open","ping_status":"open","sticky":false,"template":"","format":"standard","meta":{"_jetpack_newsletter_access":"","_jetpack_dont_email_post_to_subs":false,"_jetpack_newsletter_tier_id":0,"_jetpack_memberships_contains_paywalled_content":false,"_jetpack_memberships_contains_paid_content":false,"footnotes":""},"categories":[1],"tags":[],"class_list":["post-10736","post","type-post","status-publish","format-standard","has-post-thumbnail","hentry","category-destaque"],"jetpack_sharing_enabled":true,"jetpack_featured_media_url":"","_links":{"self":[{"href":"https:\/\/www.oparanews.com.br\/index.php\/wp-json\/wp\/v2\/posts\/10736","targetHints":{"allow":["GET"]}}],"collection":[{"href":"https:\/\/www.oparanews.com.br\/index.php\/wp-json\/wp\/v2\/posts"}],"about":[{"href":"https:\/\/www.oparanews.com.br\/index.php\/wp-json\/wp\/v2\/types\/post"}],"author":[{"embeddable":true,"href":"https:\/\/www.oparanews.com.br\/index.php\/wp-json\/wp\/v2\/users\/1"}],"replies":[{"embeddable":true,"href":"https:\/\/www.oparanews.com.br\/index.php\/wp-json\/wp\/v2\/comments?post=10736"}],"version-history":[{"count":0,"href":"https:\/\/www.oparanews.com.br\/index.php\/wp-json\/wp\/v2\/posts\/10736\/revisions"}],"wp:attachment":[{"href":"https:\/\/www.oparanews.com.br\/index.php\/wp-json\/wp\/v2\/media?parent=10736"}],"wp:term":[{"taxonomy":"category","embeddable":true,"href":"https:\/\/www.oparanews.com.br\/index.php\/wp-json\/wp\/v2\/categories?post=10736"},{"taxonomy":"post_tag","embeddable":true,"href":"https:\/\/www.oparanews.com.br\/index.php\/wp-json\/wp\/v2\/tags?post=10736"}],"curies":[{"name":"wp","href":"https:\/\/api.w.org\/{rel}","templated":true}]}}