{"id":10759,"date":"2020-11-15T13:12:17","date_gmt":"2020-11-15T13:12:17","guid":{"rendered":"https:\/\/oparanews.com.br\/?p=10759"},"modified":"2020-11-15T13:12:17","modified_gmt":"2020-11-15T13:12:17","slug":"resultados-sairao-ate-5h-apos-fim-dos-votos-preve-tse","status":"publish","type":"post","link":"https:\/\/www.oparanews.com.br\/index.php\/2020\/11\/15\/resultados-sairao-ate-5h-apos-fim-dos-votos-preve-tse\/","title":{"rendered":"Resultados sair\u00e3o at\u00e9 5h ap\u00f3s fim dos votos, prev\u00ea TSE"},"content":{"rendered":"<p>O Tribunal Superior Eleitoral (TSE) estima que em at\u00e9 no m\u00e1ximo cinco horas do fechamento das urnas, o que ocorrer\u00e1 \u00e0s 17 horas do domingo, 15, os resultados das elei\u00e7\u00f5es de 2020 ser\u00e3o entregues \u00e0 popula\u00e7\u00e3o brasileira. A previs\u00e3o foi confirmada neste s\u00e1bado, 14, pelo vice-presidente do TSE, ministro Edson Fachin, que participou da cerim\u00f4nia de verifica\u00e7\u00e3o de assinaturas do sistema de totaliza\u00e7\u00e3o dos votos.<\/p>\n<p>No domingo, os brasileiros v\u00e3o \u00e0s urnas para escolher os prefeitos e vereadores das mais de 5 mil cidades do Pa\u00eds.<\/p>\n<p>Segundo o TSE, os boletins de urna come\u00e7ar\u00e3o a ser emitidos j\u00e1 a partir das 17 horas. Os locais de vota\u00e7\u00e3o ser\u00e3o abertos \u00e0s 7 horas.<\/p>\n<p>&#8220;Tudo est\u00e1 preparado para o dia de amanh\u00e3, para que no m\u00e1ximo cinco horas depois do fechamento das urnas, o TSE, com esse transporte direto do que foi depositado pela soberania para totaliza\u00e7\u00e3o aqui, tenha condi\u00e7\u00f5es de entregar esses resultados em elei\u00e7\u00f5es leg\u00edtimas e normais, como deve ser numa sociedade democr\u00e1tica&#8221;, disse Fachin.<\/p>\n<p>Neste ano, as elei\u00e7\u00f5es v\u00e3o contar com uma novidade no processo de totaliza\u00e7\u00e3o dos votos. Agora, essa etapa ser\u00e1 concentrada no datacenter do TSE, enquanto que nos \u00faltimos pleitos o processamento era feito nesses sistemas dos Tribunais Regionais Eleitorais (TREs). Ou seja, houve uma redu\u00e7\u00e3o de 27 pontos de totaliza\u00e7\u00e3o para um.<\/p>\n<p>&#8220;Isso tem v\u00e1rias vantagens, como na quest\u00e3o da economicidade, seguran\u00e7a, gerenciamento, e na agilidade&#8221;, afirmou neste s\u00e1bado o secret\u00e1rio de Tecnologia da Informa\u00e7\u00e3o do TSE, Giuseppe Janino.<\/p>\n<p>Segundo Janino, a mudan\u00e7a marca um processo de evolu\u00e7\u00e3o do sistema. Ele lembrou que antes de a totaliza\u00e7\u00e3o ocorrer nos datacenters dos TREs, o processo ocorreria no \u00e2mbito dos cart\u00f3rios eleitorais, por meio de desktops.<\/p>\n<p>&#8220;Temos hoje 2.600 cart\u00f3rios, ent\u00e3o foram reduzidos de 2.600 pontos para 27. E agora estamos reunindo num \u00fanico ponto&#8221;, explicou o secret\u00e1rio.<\/p>\n<p>Esse sistema foi confirmado como &#8220;\u00edntegro e apto&#8221; pelo TSE em verifica\u00e7\u00e3o neste s\u00e1bado, afirmou Fachin.<\/p>\n<p>&nbsp;<\/p>\n<p><strong>Fonte: Terra<\/strong><\/p>\n<p>&nbsp;<\/p>\n","protected":false},"excerpt":{"rendered":"<p>O Tribunal Superior Eleitoral (TSE) estima que em at\u00e9 no m\u00e1ximo cinco horas do fechamento das urnas, o que ocorrer\u00e1 \u00e0s 17 horas do domingo, 15, os resultados das elei\u00e7\u00f5es de 2020 ser\u00e3o entregues \u00e0 popula\u00e7\u00e3o brasileira. A previs\u00e3o foi confirmada neste s\u00e1bado, 14, pelo vice-presidente do TSE, ministro Edson Fachin, que participou da cerim\u00f4nia &hellip;<\/p>\n","protected":false},"author":1,"featured_media":10760,"comment_status":"open","ping_status":"open","sticky":false,"template":"","format":"standard","meta":{"_jetpack_newsletter_access":"","_jetpack_dont_email_post_to_subs":false,"_jetpack_newsletter_tier_id":0,"_jetpack_memberships_contains_paywalled_content":false,"_jetpack_memberships_contains_paid_content":false,"footnotes":""},"categories":[1],"tags":[],"class_list":["post-10759","post","type-post","status-publish","format-standard","has-post-thumbnail","hentry","category-destaque"],"jetpack_sharing_enabled":true,"jetpack_featured_media_url":"","_links":{"self":[{"href":"https:\/\/www.oparanews.com.br\/index.php\/wp-json\/wp\/v2\/posts\/10759","targetHints":{"allow":["GET"]}}],"collection":[{"href":"https:\/\/www.oparanews.com.br\/index.php\/wp-json\/wp\/v2\/posts"}],"about":[{"href":"https:\/\/www.oparanews.com.br\/index.php\/wp-json\/wp\/v2\/types\/post"}],"author":[{"embeddable":true,"href":"https:\/\/www.oparanews.com.br\/index.php\/wp-json\/wp\/v2\/users\/1"}],"replies":[{"embeddable":true,"href":"https:\/\/www.oparanews.com.br\/index.php\/wp-json\/wp\/v2\/comments?post=10759"}],"version-history":[{"count":0,"href":"https:\/\/www.oparanews.com.br\/index.php\/wp-json\/wp\/v2\/posts\/10759\/revisions"}],"wp:attachment":[{"href":"https:\/\/www.oparanews.com.br\/index.php\/wp-json\/wp\/v2\/media?parent=10759"}],"wp:term":[{"taxonomy":"category","embeddable":true,"href":"https:\/\/www.oparanews.com.br\/index.php\/wp-json\/wp\/v2\/categories?post=10759"},{"taxonomy":"post_tag","embeddable":true,"href":"https:\/\/www.oparanews.com.br\/index.php\/wp-json\/wp\/v2\/tags?post=10759"}],"curies":[{"name":"wp","href":"https:\/\/api.w.org\/{rel}","templated":true}]}}