{"id":10768,"date":"2020-11-16T12:39:19","date_gmt":"2020-11-16T12:39:19","guid":{"rendered":"https:\/\/oparanews.com.br\/?p=10768"},"modified":"2020-11-16T12:39:19","modified_gmt":"2020-11-16T12:39:19","slug":"val-da-banana-denys-reis-irmao-joao-dr-epson-e-rodrigo-regueira-sao-as-novidades-no-legislativo-municipal","status":"publish","type":"post","link":"https:\/\/www.oparanews.com.br\/index.php\/2020\/11\/16\/val-da-banana-denys-reis-irmao-joao-dr-epson-e-rodrigo-regueira-sao-as-novidades-no-legislativo-municipal\/","title":{"rendered":"Val da Banana, Denys Reis, Irm\u00e3o Jo\u00e3o, Dr. Epson e Rodrigo Regueira s\u00e3o as novidades no legislativo municipal"},"content":{"rendered":"<p>Neste domingo, 15, os eleitores penedenses foram \u00e0s urnas exercer a cidadania votando para eleger prefeito e vereador.<\/p>\n<p>Para prefeito, a maioria do eleitorado penedense elegeu Ronaldo Lopes\/Jo\u00e3o Lucas para comandar o destino da cidade nos pr\u00f3ximos quatro anos. A diferen\u00e7a de Ronaldo para a segunda colocada (Ivana Toledo) foi de 3.663 votos. Em terceiro colocado ficou Dr. Tico com 2.322 votos, em quatro colocado ficou Nelsinho com 2.117 votos e em quinto colocado ficou o Pastor Junior com 36 votos.<\/p>\n<p>J\u00e1 para vereador, os eleitores elegeram cinco candidatos que ir\u00e3o fazer sua estreia no legislativo municipal, s\u00e3o eles: Dr. Epson (PDT), Irm\u00e3o Jo\u00e3o (MDB), Denys Reis (PSDB), Rodrigo Regueira (Republicanos) e Val da Banana (MDB).<\/p>\n<p>Veja abaixo os quinze candidatos eleitos a vereador por Penedo:<\/p>\n<p><strong>Valdinho Monteiro (PP) &#8211; 1.305 votos<\/strong><br \/>\n<strong>Derivan Thomaz (Republicanos) &#8211; 1.113 votos<\/strong><br \/>\n<strong>Raquel Tavares (MDB) &#8211; 1.041 votos<\/strong><br \/>\n<strong>Dr. Epson (PDT) &#8211; 883 votos<\/strong><br \/>\n<strong>Marcelo Pereira (PDT) &#8211; 845 votos<\/strong><br \/>\n<strong>Irm\u00e3o Jo\u00e3o (MDB) &#8211; 787 votos<\/strong><br \/>\n<strong>Denys Reis (PSDB) &#8211; 769 votos<\/strong><br \/>\n<strong>Junior do T\u00f3 (PDT) &#8211; 758 votos<\/strong><br \/>\n<strong>Messias da Fil\u00f3 (PDT) &#8211; 735 votos<\/strong><br \/>\n<strong>Roberto da Farm\u00e1cia (PP) &#8211; 638 votos<\/strong><br \/>\n<strong>Rodrigo Regueira (Republicanos) &#8211; 619 votos<\/strong><br \/>\n<strong>Bili Marques (MDB) &#8211; 581 votos<\/strong><br \/>\n<strong>Val da Banana (MDB) &#8211; 525 votos<\/strong><br \/>\n<strong>Sgt. Marival (PP) &#8211; 495 votos<\/strong><br \/>\n<strong>Cidoca (PROS) &#8211; 494 votos<\/strong><\/p>\n<p>&nbsp;<\/p>\n<p>&nbsp;<\/p>\n<p><strong>por Reda\u00e7\u00e3o<\/strong><\/p>\n","protected":false},"excerpt":{"rendered":"<p>Neste domingo, 15, os eleitores penedenses foram \u00e0s urnas exercer a cidadania votando para eleger prefeito e vereador. Para prefeito, a maioria do eleitorado penedense elegeu Ronaldo Lopes\/Jo\u00e3o Lucas para comandar o destino da cidade nos pr\u00f3ximos quatro anos. A diferen\u00e7a de Ronaldo para a segunda colocada (Ivana Toledo) foi de 3.663 votos. Em terceiro &hellip;<\/p>\n","protected":false},"author":1,"featured_media":10774,"comment_status":"open","ping_status":"open","sticky":false,"template":"","format":"standard","meta":{"_jetpack_newsletter_access":"","_jetpack_dont_email_post_to_subs":false,"_jetpack_newsletter_tier_id":0,"_jetpack_memberships_contains_paywalled_content":false,"_jetpack_memberships_contains_paid_content":false,"footnotes":""},"categories":[1],"tags":[],"class_list":["post-10768","post","type-post","status-publish","format-standard","has-post-thumbnail","hentry","category-destaque"],"jetpack_sharing_enabled":true,"jetpack_featured_media_url":"","_links":{"self":[{"href":"https:\/\/www.oparanews.com.br\/index.php\/wp-json\/wp\/v2\/posts\/10768","targetHints":{"allow":["GET"]}}],"collection":[{"href":"https:\/\/www.oparanews.com.br\/index.php\/wp-json\/wp\/v2\/posts"}],"about":[{"href":"https:\/\/www.oparanews.com.br\/index.php\/wp-json\/wp\/v2\/types\/post"}],"author":[{"embeddable":true,"href":"https:\/\/www.oparanews.com.br\/index.php\/wp-json\/wp\/v2\/users\/1"}],"replies":[{"embeddable":true,"href":"https:\/\/www.oparanews.com.br\/index.php\/wp-json\/wp\/v2\/comments?post=10768"}],"version-history":[{"count":0,"href":"https:\/\/www.oparanews.com.br\/index.php\/wp-json\/wp\/v2\/posts\/10768\/revisions"}],"wp:attachment":[{"href":"https:\/\/www.oparanews.com.br\/index.php\/wp-json\/wp\/v2\/media?parent=10768"}],"wp:term":[{"taxonomy":"category","embeddable":true,"href":"https:\/\/www.oparanews.com.br\/index.php\/wp-json\/wp\/v2\/categories?post=10768"},{"taxonomy":"post_tag","embeddable":true,"href":"https:\/\/www.oparanews.com.br\/index.php\/wp-json\/wp\/v2\/tags?post=10768"}],"curies":[{"name":"wp","href":"https:\/\/api.w.org\/{rel}","templated":true}]}}