{"id":10775,"date":"2020-11-16T18:30:13","date_gmt":"2020-11-16T18:30:13","guid":{"rendered":"https:\/\/oparanews.com.br\/?p=10775"},"modified":"2020-11-16T18:30:13","modified_gmt":"2020-11-16T18:30:13","slug":"alfredo-gaspar-e-jhc-vao-disputar-o-segundo-turno-em-maceio","status":"publish","type":"post","link":"https:\/\/www.oparanews.com.br\/index.php\/2020\/11\/16\/alfredo-gaspar-e-jhc-vao-disputar-o-segundo-turno-em-maceio\/","title":{"rendered":"Alfredo Gaspar e JHC v\u00e3o disputar o segundo turno em Macei\u00f3"},"content":{"rendered":"<p>Alfredo Gaspar de Mendon\u00e7a, do MDB, e JHC, do PSB, v\u00e3o decidir em 2\u00ba turno, no pr\u00f3ximo dia 29, quem ser\u00e1 o pr\u00f3ximo prefeito de Macei\u00f3. Com 100% das urnas apuradas, segundo dados do Tribunal Superior Eleitoral (TSE), Gaspar teve 110.234 votos (28,87%), e JHC teve 109.053 votos (28,56%).<\/p>\n<p>A elei\u00e7\u00e3o em Macei\u00f3 teve 148.318 absten\u00e7\u00f5es (25,04%), 21.001 votos brancos (4,73%) e 41.261 votos nulos (9,29%).<\/p>\n<p>Alfredo Gaspar de Mendon\u00e7a Neto tem 50 anos, \u00e9 formado em direito e p\u00f3s-graduado em direito p\u00fablico. Foi promotor de Justi\u00e7a por mais de 20 anos, procurador-geral de Justi\u00e7a e secret\u00e1rio estadual da Seguran\u00e7a P\u00fablica no primeiro mandato do governador Renan Filho (MDB). Ele tem um patrim\u00f4nio declarado de R$ 341.626,09. O vice \u00e9 T\u00e1cio Melo (PODE), de 40 anos.<\/p>\n<p>&#8220;As minhas primeiras palavras s\u00e3o e gratid\u00e3o. Gratid\u00e3o a Deus e gratid\u00e3o ao povo de Macei\u00f3. Eu n\u00e3o sou da pol\u00edtica, \u00e9 a minha primeira elei\u00e7\u00e3o. E isso mostra que a minha hist\u00f3ria de vida est\u00e1 sendo o meu cart\u00e3o de visita pra o futuro. Eu vou dialogar muito porque eu estou pronto pra, com muita for\u00e7a, ao lado do povo de Macei\u00f3, resolver os problemas da minha cidade&#8221;, disse Gaspar.<\/p>\n<p>Jo\u00e3o Henrique Holanda Caldas, o JHC, tem 33 anos, \u00e9 advogado, especialista em direito digital e compliance, mestrando em gest\u00e3o p\u00fablica e empreendedor. Foi eleito em 2014 como o deputado federal mais votado de Alagoas. Nas elei\u00e7\u00f5es gerais de 2018, foi candidato \u00e0 reelei\u00e7\u00e3o, sendo o deputado federal mais bem votado do Brasil, proporcionalmente. Tem um patrim\u00f4nio declarado de R$ 1.973.391,98. O vice \u00e9 Ronaldo Lessa (PDT), de 71 anos.<\/p>\n<p>&#8220;Com certeza a gente tem as melhores propostas para Macei\u00f3, n\u00f3s somos a mudan\u00e7a, e a gente vai conseguir, atrav\u00e9s do povo, do interesse p\u00fablico e n\u00e3o do interesse particular e de grupos pol\u00edticos, revelar no segundo turno a vit\u00f3ria que vir\u00e1 das urnas, falada pela popula\u00e7\u00e3o, que \u00e9 o sentimento real de mudan\u00e7a, com algu\u00e9m que esteja preparado para poder guiar os destinos da nossa cidade&#8221;, afirmou.<\/p>\n<p>Propostas<\/p>\n<p>O plano de governo de Alfredo Gaspar tem como base cinco pilares para o desenvolvimento de Macei\u00f3, que v\u00e3o desde implementa\u00e7\u00e3o de pol\u00edticas p\u00fablicas e a\u00e7\u00f5es com foco na qualidade de vida, passando pela cidade sustent\u00e1vel, atuando para reduzir as desigualdades socioterritoriais; pol\u00edticas que devem impulsionar a economia local atrav\u00e9s da gera\u00e7\u00e3o de renda; seguran\u00e7a em parceria com o governo do estado e a integra\u00e7\u00e3o de dados para dar agilidade aos processos de gest\u00e3o. Na \u00e1rea da sa\u00fade o candidato prop\u00f5e a cria\u00e7\u00e3o do Programa Sa\u00fade Digital e e fortalecimento dos N\u00facleos de Apoio \u00e0 Sa\u00fade da Fam\u00edlia (NASF).<\/p>\n<p>JHC baseia seu plano de governo em diretrizes, dimens\u00f5es e propostas para se alcan\u00e7ar o bem-estar, a inclus\u00e3o social, a efici\u00eancia e a inova\u00e7\u00e3o capazes de promover o desenvolvimento socioambiental e econ\u00f4mico de Macei\u00f3. Entre elas est\u00e3o a implementa\u00e7\u00e3o de novas formas de inova\u00e7\u00e3o governamental e efici\u00eancia no gasto p\u00fablico; redu\u00e7\u00e3o da vulnerabilidade social; promo\u00e7\u00e3o da efici\u00eancia e qualidade nos servi\u00e7os de transporte p\u00fablico; melhoria da qualidade e do acesso aos servi\u00e7os de sa\u00fade e de educa\u00e7\u00e3o e valoriza\u00e7\u00e3o da cultura.<\/p>\n<p>Veja o resultado ap\u00f3s o fim da apura\u00e7\u00e3o:<\/p>\n<p>Alfredo Gaspar de Mendon\u00e7a (MDB): 28,87%<br \/>\nJHC (PSB): 28,56%<br \/>\nDavi Davino Filho (Progressistas): 25,5%<br \/>\nJosan Leite (Patriota): 6,27%<br \/>\nVal\u00e9ria Correia (PSOL): 3,55%<br \/>\nC\u00edcero Almeida (DC): 2,59%<br \/>\nRicardo Barbosa (PT): 2,33%<br \/>\nLenilda Luna (UP): 1,28%<br \/>\nC\u00edcero Filho (PCdoB): 0,90%<br \/>\nCorintho Campelo (PMN) 0,13%<\/p>\n<p>&nbsp;<\/p>\n<p><strong>Fonte: G1\/AL<\/strong><\/p>\n<p>&nbsp;<\/p>\n","protected":false},"excerpt":{"rendered":"<p>Alfredo Gaspar de Mendon\u00e7a, do MDB, e JHC, do PSB, v\u00e3o decidir em 2\u00ba turno, no pr\u00f3ximo dia 29, quem ser\u00e1 o pr\u00f3ximo prefeito de Macei\u00f3. Com 100% das urnas apuradas, segundo dados do Tribunal Superior Eleitoral (TSE), Gaspar teve 110.234 votos (28,87%), e JHC teve 109.053 votos (28,56%). A elei\u00e7\u00e3o em Macei\u00f3 teve 148.318 &hellip;<\/p>\n","protected":false},"author":1,"featured_media":10776,"comment_status":"open","ping_status":"open","sticky":false,"template":"","format":"standard","meta":{"_jetpack_newsletter_access":"","_jetpack_dont_email_post_to_subs":false,"_jetpack_newsletter_tier_id":0,"_jetpack_memberships_contains_paywalled_content":false,"_jetpack_memberships_contains_paid_content":false,"footnotes":""},"categories":[1],"tags":[],"class_list":["post-10775","post","type-post","status-publish","format-standard","has-post-thumbnail","hentry","category-destaque"],"jetpack_sharing_enabled":true,"jetpack_featured_media_url":"","_links":{"self":[{"href":"https:\/\/www.oparanews.com.br\/index.php\/wp-json\/wp\/v2\/posts\/10775","targetHints":{"allow":["GET"]}}],"collection":[{"href":"https:\/\/www.oparanews.com.br\/index.php\/wp-json\/wp\/v2\/posts"}],"about":[{"href":"https:\/\/www.oparanews.com.br\/index.php\/wp-json\/wp\/v2\/types\/post"}],"author":[{"embeddable":true,"href":"https:\/\/www.oparanews.com.br\/index.php\/wp-json\/wp\/v2\/users\/1"}],"replies":[{"embeddable":true,"href":"https:\/\/www.oparanews.com.br\/index.php\/wp-json\/wp\/v2\/comments?post=10775"}],"version-history":[{"count":0,"href":"https:\/\/www.oparanews.com.br\/index.php\/wp-json\/wp\/v2\/posts\/10775\/revisions"}],"wp:attachment":[{"href":"https:\/\/www.oparanews.com.br\/index.php\/wp-json\/wp\/v2\/media?parent=10775"}],"wp:term":[{"taxonomy":"category","embeddable":true,"href":"https:\/\/www.oparanews.com.br\/index.php\/wp-json\/wp\/v2\/categories?post=10775"},{"taxonomy":"post_tag","embeddable":true,"href":"https:\/\/www.oparanews.com.br\/index.php\/wp-json\/wp\/v2\/tags?post=10775"}],"curies":[{"name":"wp","href":"https:\/\/api.w.org\/{rel}","templated":true}]}}