{"id":10784,"date":"2020-11-16T18:43:07","date_gmt":"2020-11-16T18:43:07","guid":{"rendered":"https:\/\/oparanews.com.br\/?p=10784"},"modified":"2020-11-16T18:43:07","modified_gmt":"2020-11-16T18:43:07","slug":"ronaldo-lopes-reune-se-com-mauricio-quintella-nesta-terca-feira-17","status":"publish","type":"post","link":"https:\/\/www.oparanews.com.br\/index.php\/2020\/11\/16\/ronaldo-lopes-reune-se-com-mauricio-quintella-nesta-terca-feira-17\/","title":{"rendered":"Ronaldo Lopes re\u00fane-se com Maur\u00edcio Quintella nesta ter\u00e7a-feira, 17"},"content":{"rendered":"<p>Comemorar a vit\u00f3ria, descansar e esperar a data de posse para iniciar a gest\u00e3o? Nada disso. Trabalho \u00e9 prioridade para Ronaldo Lopes administrar Penedo, compromisso assumido na pr\u00e1tica que o leva amanh\u00e3 (ter\u00e7a-feira, 17) at\u00e9 Macei\u00f3, onde re\u00fane-se com o Secret\u00e1rio de Estado de Infraestrutura, Maur\u00edcio Quintella.<\/p>\n<p>Na pauta da agenda do prefeito eleito ontem, com quase 50% dos votos v\u00e1lidos, mais investimentos para Penedo, todos direcionados \u00e0 gera\u00e7\u00e3o de emprego e renda por meio do turismo, uma das metas do mandato de Ronaldo Lopes\/Jo\u00e3o Lucas.<\/p>\n<p>O encontro entre o pr\u00f3ximo administrador de Penedo e o gestor da Seinfra vai tratar da instala\u00e7\u00e3o de um receptivo tur\u00edstico no casar\u00e3o do Capespe; a urbaniza\u00e7\u00e3o da Prainha de Penedo, no Rio S\u00e3o Francisco; e a constru\u00e7\u00e3o de uma passarela entre a orla do Barro Vermelho e o Pa\u00e7o Municipal.<\/p>\n<p><strong>Parceria<\/strong><\/p>\n<p>Os tr\u00eas projetos foram elaborados por equipe coordenada por Ronaldo Lopes, engenheiro civil e atual vice-prefeito de Penedo, e apresentadas \u00e0 comitiva do Bando de Desenvolvimento da Am\u00e9rica Latina, em setembro de 2019. As propostas j\u00e1 est\u00e3o aprovadas para execu\u00e7\u00e3o a ser feita em parceria com o Governo de Alagoas.<\/p>\n<p>O trabalho que come\u00e7a antes mesmo da posse do prefeito eleito com 3.663 votos de diferen\u00e7a para Ivana Toledo (14.060 votos para Ronaldo contra 10.397 da segunda colocada) foi anunciado nesta segunda-feira, 16, durante entrevista na Penedo FM.<\/p>\n<p><strong>Gratid\u00e3o<\/strong><\/p>\n<p>Durante o bate-papo com a radialista Martha Martyres, \u00e2ncora do programa Lance Livre, Ronaldo Lopes agradeceu a Deus, ao povo de Penedo, equipe de trabalho da campanha, candidatos a vereador que o apoiaram e o governador Renan Filho.<\/p>\n<p>Ele tamb\u00e9m respondeu perguntas dos ouvintes, ouviu v\u00e1rios depoimentos de felicita\u00e7\u00f5es e reafirmou sua prioridade de governo, ao lado do vice Jo\u00e3o Lucas: trabalhar por Penedo.<\/p>\n<p>&nbsp;<\/p>\n<p><strong>por Assessoria<\/strong><\/p>\n<p>&nbsp;<\/p>\n","protected":false},"excerpt":{"rendered":"<p>Comemorar a vit\u00f3ria, descansar e esperar a data de posse para iniciar a gest\u00e3o? Nada disso. Trabalho \u00e9 prioridade para Ronaldo Lopes administrar Penedo, compromisso assumido na pr\u00e1tica que o leva amanh\u00e3 (ter\u00e7a-feira, 17) at\u00e9 Macei\u00f3, onde re\u00fane-se com o Secret\u00e1rio de Estado de Infraestrutura, Maur\u00edcio Quintella. Na pauta da agenda do prefeito eleito ontem, &hellip;<\/p>\n","protected":false},"author":1,"featured_media":10785,"comment_status":"open","ping_status":"open","sticky":false,"template":"","format":"standard","meta":{"_jetpack_newsletter_access":"","_jetpack_dont_email_post_to_subs":false,"_jetpack_newsletter_tier_id":0,"_jetpack_memberships_contains_paywalled_content":false,"_jetpack_memberships_contains_paid_content":false,"footnotes":""},"categories":[1],"tags":[],"class_list":["post-10784","post","type-post","status-publish","format-standard","has-post-thumbnail","hentry","category-destaque"],"jetpack_sharing_enabled":true,"jetpack_featured_media_url":"","_links":{"self":[{"href":"https:\/\/www.oparanews.com.br\/index.php\/wp-json\/wp\/v2\/posts\/10784","targetHints":{"allow":["GET"]}}],"collection":[{"href":"https:\/\/www.oparanews.com.br\/index.php\/wp-json\/wp\/v2\/posts"}],"about":[{"href":"https:\/\/www.oparanews.com.br\/index.php\/wp-json\/wp\/v2\/types\/post"}],"author":[{"embeddable":true,"href":"https:\/\/www.oparanews.com.br\/index.php\/wp-json\/wp\/v2\/users\/1"}],"replies":[{"embeddable":true,"href":"https:\/\/www.oparanews.com.br\/index.php\/wp-json\/wp\/v2\/comments?post=10784"}],"version-history":[{"count":0,"href":"https:\/\/www.oparanews.com.br\/index.php\/wp-json\/wp\/v2\/posts\/10784\/revisions"}],"wp:attachment":[{"href":"https:\/\/www.oparanews.com.br\/index.php\/wp-json\/wp\/v2\/media?parent=10784"}],"wp:term":[{"taxonomy":"category","embeddable":true,"href":"https:\/\/www.oparanews.com.br\/index.php\/wp-json\/wp\/v2\/categories?post=10784"},{"taxonomy":"post_tag","embeddable":true,"href":"https:\/\/www.oparanews.com.br\/index.php\/wp-json\/wp\/v2\/tags?post=10784"}],"curies":[{"name":"wp","href":"https:\/\/api.w.org\/{rel}","templated":true}]}}